{"id":778,"date":"2025-03-16T14:56:44","date_gmt":"2025-03-16T14:56:44","guid":{"rendered":"https:\/\/sorianoadvocats.com\/?p=778"},"modified":"2025-03-17T14:57:39","modified_gmt":"2025-03-17T14:57:39","slug":"el-triangle-dramatic-de-karpman","status":"publish","type":"post","link":"https:\/\/sorianoadvocats.com\/ca\/el-triangle-dramatic-de-karpman\/","title":{"rendered":"El Dret Sist\u00e8mic i el triangle dram\u00e0tic de Karpman: una trampa inconscient per a advocats i mediadors"},"content":{"rendered":"\n<p>En la pr\u00e0ctica jur\u00eddica o en l\u2019exercici d\u2019un proc\u00e9s de mediaci\u00f3, les emocions s\u00f3n la base invisible sobre la qual es teixeixen les narratives del conflicte. Cada advocat, cada jutge, cada mediador es troba, moltes vegades sense saber-ho, atrapat en una estructura invisible que perpetua el patiment i la manca de solucions reals: el Triangle Dram\u00e0tic de Karpman.<\/p>\n\n\n\n<div id=\"ez-toc-container\" class=\"ez-toc-v2_0_82_2 counter-hierarchy ez-toc-counter ez-toc-grey ez-toc-container-direction\">\n<div class=\"ez-toc-title-container\">\n<p class=\"ez-toc-title\" style=\"cursor:inherit\">\u00cdndice de contenidos<\/p>\n<span class=\"ez-toc-title-toggle\"><a href=\"#\" class=\"ez-toc-pull-right ez-toc-btn ez-toc-btn-xs ez-toc-btn-default ez-toc-toggle\" aria-label=\"Toggle Table of Content\"><span class=\"ez-toc-js-icon-con\"><span class=\"\"><span class=\"eztoc-hide\" style=\"display:none;\">Toggle<\/span><span class=\"ez-toc-icon-toggle-span\"><svg style=\"fill: #999;color:#999\" xmlns=\"http:\/\/www.w3.org\/2000\/svg\" class=\"list-377408\" width=\"20px\" height=\"20px\" viewBox=\"0 0 24 24\" fill=\"none\"><path d=\"M6 6H4v2h2V6zm14 0H8v2h12V6zM4 11h2v2H4v-2zm16 0H8v2h12v-2zM4 16h2v2H4v-2zm16 0H8v2h12v-2z\" fill=\"currentColor\"><\/path><\/svg><svg style=\"fill: #999;color:#999\" class=\"arrow-unsorted-368013\" xmlns=\"http:\/\/www.w3.org\/2000\/svg\" width=\"10px\" height=\"10px\" viewBox=\"0 0 24 24\" version=\"1.2\" baseProfile=\"tiny\"><path d=\"M18.2 9.3l-6.2-6.3-6.2 6.3c-.2.2-.3.4-.3.7s.1.5.3.7c.2.2.4.3.7.3h11c.3 0 .5-.1.7-.3.2-.2.3-.5.3-.7s-.1-.5-.3-.7zM5.8 14.7l6.2 6.3 6.2-6.3c.2-.2.3-.5.3-.7s-.1-.5-.3-.7c-.2-.2-.4-.3-.7-.3h-11c-.3 0-.5.1-.7.3-.2.2-.3.5-.3.7s.1.5.3.7z\"\/><\/svg><\/span><\/span><\/span><\/a><\/span><\/div>\n<nav><ul class='ez-toc-list ez-toc-list-level-1 ' ><li class='ez-toc-page-1 ez-toc-heading-level-3'><a class=\"ez-toc-link ez-toc-heading-1\" href=\"https:\/\/sorianoadvocats.com\/ca\/el-triangle-dramatic-de-karpman\/#Que_es_el_triangle_dramatic\" >Qu\u00e8 \u00e9s el triangle dram\u00e0tic?<\/a><\/li><li class='ez-toc-page-1 ez-toc-heading-level-3'><a class=\"ez-toc-link ez-toc-heading-2\" href=\"https:\/\/sorianoadvocats.com\/ca\/el-triangle-dramatic-de-karpman\/#El_triangle_dramatic_en_la_practica_juridica_i_la_mediacio\" >El triangle dram\u00e0tic en la pr\u00e0ctica jur\u00eddica i la mediaci\u00f3<\/a><\/li><li class='ez-toc-page-1 ez-toc-heading-level-3'><a class=\"ez-toc-link ez-toc-heading-3\" href=\"https:\/\/sorianoadvocats.com\/ca\/el-triangle-dramatic-de-karpman\/#El_triangle_en_ladvocacia_quan_la_justicia_es_converteix_en_teatre\" >El triangle en l\u2019advocacia: quan la just\u00edcia es converteix en teatre<\/a><\/li><li class='ez-toc-page-1 ez-toc-heading-level-3'><a class=\"ez-toc-link ez-toc-heading-4\" href=\"https:\/\/sorianoadvocats.com\/ca\/el-triangle-dramatic-de-karpman\/#La_mediacio_solucio_o_nova_trampa\" >La mediaci\u00f3: soluci\u00f3 o nova trampa?<\/a><\/li><li class='ez-toc-page-1 ez-toc-heading-level-3'><a class=\"ez-toc-link ez-toc-heading-5\" href=\"https:\/\/sorianoadvocats.com\/ca\/el-triangle-dramatic-de-karpman\/#Dret_Sistemic_sortir_del_triangle_per_resoldre_des_de_la_consciencia\" >Dret Sist\u00e8mic: sortir del triangle per resoldre des de la consci\u00e8ncia<\/a><\/li><li class='ez-toc-page-1 ez-toc-heading-level-3'><a class=\"ez-toc-link ez-toc-heading-6\" href=\"https:\/\/sorianoadvocats.com\/ca\/el-triangle-dramatic-de-karpman\/#Conclusio\" >Conclusi\u00f3<\/a><\/li><\/ul><\/nav><\/div>\n<h3 class=\"wp-block-heading\"><span class=\"ez-toc-section\" id=\"Que_es_el_triangle_dramatic\"><\/span>Qu\u00e8 \u00e9s el triangle dram\u00e0tic?<span class=\"ez-toc-section-end\"><\/span><\/h3>\n\n\n\n<p>Stephen Karpman, psiquiatre i analista transaccional, va descriure un patr\u00f3 d\u2019interacci\u00f3 humana que, com una trampa psicol\u00f2gica, atrapa les persones en un joc de rols inconscient, configurant un triangle on els individus assumeixen els rols de V\u00edctima, Perseguidor i Salvador.<br>Des de la perspectiva del Dret Sist\u00e8mic, aquesta din\u00e0mica afecta tant la relaci\u00f3 entre les parts en disputa com tamb\u00e9 pot influir en la postura dels advocats i mediadors, perpetuant el conflicte en lloc de facilitar-ne la resoluci\u00f3. Comprendre aquesta estructura permet al professional del Dret o al mediador prendre consci\u00e8ncia del seu rol en la disputa i transformar-se en facilitador de l\u2019equilibri i la just\u00edcia.<\/p>\n\n\n\n<h3 class=\"wp-block-heading\"><span class=\"ez-toc-section\" id=\"El_triangle_dramatic_en_la_practica_juridica_i_la_mediacio\"><\/span>El triangle dram\u00e0tic en la pr\u00e0ctica jur\u00eddica i la mediaci\u00f3<span class=\"ez-toc-section-end\"><\/span><\/h3>\n\n\n\n<p>El Triangle Dram\u00e0tic de Karpman est\u00e0 compost per tres rols fonamentals:<\/p>\n\n\n\n<ul class=\"wp-block-list\">\n<li><strong>La V\u00edctima:<\/strong> se sent desemparada, impotent, sense poder ni control sobre el seu dest\u00ed, atrapada en el problema. Necessita que alg\u00fa la salvi o que alg\u00fa pagui pel seu patiment.<\/li>\n\n\n\n<li><strong>El Perseguidor:<\/strong> representa la figura autorit\u00e0ria i castigadora, que culpa i oprimeix la V\u00edctima. \u00c9s qui imposa la culpa, ataca o reprimeix. Es posiciona com l\u2019autoritat que castiga la v\u00edctima i refor\u00e7a la seva sensaci\u00f3 d\u2019indefensi\u00f3.<\/li>\n\n\n\n<li><strong>El Salvador:<\/strong> actua com l\u2019heroi que intenta rescatar la v\u00edctima, sovint sense que aquesta li ho hagi demanat, perpetuant el seu rol d\u2019indefensi\u00f3. \u00c9s qui assumeix la responsabilitat de l\u2019altre, creient que l\u2019ha de rescatar de la seva situaci\u00f3. Tot i que sembla benintencionat, en realitat perpetua la depend\u00e8ncia i el desequilibri de poder.<\/li>\n<\/ul>\n\n\n\n<p>Aquests rols s\u00f3n din\u00e0mics: una v\u00edctima pot convertir-se en perseguidora, un salvador pot sentir-se v\u00edctima quan la seva ajuda no \u00e9s valorada, i el perseguidor pot justificar les seves accions creient que est\u00e0 \u201cfent just\u00edcia\u201d. El joc no s\u2019atura fins que alg\u00fa decideix sortir del triangle.<\/p>\n\n\n\n<h3 class=\"wp-block-heading\"><span class=\"ez-toc-section\" id=\"El_triangle_en_ladvocacia_quan_la_justicia_es_converteix_en_teatre\"><\/span>El triangle en l\u2019advocacia: quan la just\u00edcia es converteix en teatre<span class=\"ez-toc-section-end\"><\/span><\/h3>\n\n\n\n<p>En l\u2019\u00e0mbit jur\u00eddic, el Triangle Dram\u00e0tic \u00e9s un mecanisme recurrent.<\/p>\n\n\n\n<p>Els advocats, sovint sense ser-ne conscients, som peces clau en la reproducci\u00f3 d\u2019aquest triangle: un client arriba al despatx en posici\u00f3 de v\u00edctima, clamant just\u00edcia contra un suposat perseguidor, ja sigui la seva exparella, una empresa, l\u2019Estat o un antic soci. L\u2019advocat, des de la seva formaci\u00f3 combativa i la necessitat de demostrar efic\u00e0cia, sovint assumeix el paper de salvador, prometent resoldre la situaci\u00f3 i obtenir just\u00edcia.<\/p>\n\n\n\n<p>El problema \u00e9s que aquesta estructura perpetua el conflicte:<\/p>\n\n\n\n<ul class=\"wp-block-list\">\n<li>El client queda atrapat en la narrativa de la impot\u00e8ncia, sense assumir responsabilitat en la situaci\u00f3.<\/li>\n\n\n\n<li>L\u2019advocat es carrega emocionalment, adoptant la lluita com a pr\u00f2pia i refor\u00e7ant la confrontaci\u00f3.<\/li>\n\n\n\n<li>El sistema judicial actua com una arena de combat, on la confrontaci\u00f3 \u00e9s la norma i la resoluci\u00f3 real del conflicte \u00e9s secund\u00e0ria.<\/li>\n<\/ul>\n\n\n\n<p>Aquesta din\u00e0mica porta al desgast professional i a processos legals llargs i destructius, on ni la just\u00edcia ni la pau s\u00f3n assolides, i el client queda atrapat en la narrativa de la impot\u00e8ncia. No se l\u2019empodera per assumir la seva part de responsabilitat en la situaci\u00f3, ni se l\u2019invita a comprendre el conflicte des d\u2019una visi\u00f3 sist\u00e8mica. Al contrari, la lluita s\u2019intensifica. I tard o d\u2019hora, quan el proc\u00e9s legal no avan\u00e7a com s\u2019espera, la v\u00edctima pot convertir el seu propi advocat en un nou perseguidor, sentint que ha estat enganyada o utilitzada.<\/p>\n\n\n\n<p>El sistema judicial, basat en la confrontaci\u00f3, \u00e9s l\u2019escenari ideal perqu\u00e8 aquest triangle es perpetu\u00ef. Jutges que es veuen obligats a jutjar el perseguidor, v\u00edctimes que mai aconsegueixen sortir del seu patiment perqu\u00e8 el litigi no resol les seves ferides emocionals, advocats que es desgasten en una guerra interminable&#8230; La just\u00edcia es converteix en un teatre on la sanaci\u00f3 del conflicte queda fora d\u2019escena.<\/p>\n\n\n\n<h3 class=\"wp-block-heading\"><span class=\"ez-toc-section\" id=\"La_mediacio_solucio_o_nova_trampa\"><\/span>La mediaci\u00f3: soluci\u00f3 o nova trampa?<span class=\"ez-toc-section-end\"><\/span><\/h3>\n\n\n\n<p>La mediaci\u00f3, com a alternativa a un proc\u00e9s judicial, no est\u00e0 exempta d\u2019aquest mateix patr\u00f3. Si el mediador no treballa des d\u2019una veritable consci\u00e8ncia sist\u00e8mica, corre el risc de convertir-se en un salvador disfressat, intentant fer que les parts cedeixin, dialoguin i s\u2019entenguin, sense desmuntar realment la din\u00e0mica subjacent.<\/p>\n\n\n\n<p>\u00c9s f\u00e0cil caure en la il\u00b7lusi\u00f3 que, ajudant les parts a negociar o convencent-les perqu\u00e8 dialoguin, sanaran la seva relaci\u00f3. Aix\u00f2 pot portar a:<\/p>\n\n\n\n<ul class=\"wp-block-list\">\n<li>Que la v\u00edctima senti que el mediador no la protegeix prou.<\/li>\n\n\n\n<li>Que el perseguidor rebutgi el proc\u00e9s en sentir que se li imposa una responsabilitat injusta.<\/li>\n\n\n\n<li>Que el mediador acabi esgotat emocionalment i frustrat perqu\u00e8 les parts no arriben a acords profunds.<\/li>\n<\/ul>\n\n\n\n<p>Si la v\u00edctima continua sentint-se v\u00edctima, si el perseguidor no reconeix el seu propi dolor i si el mediador creu que la seva funci\u00f3 \u00e9s ser el facilitador que arregla la situaci\u00f3, nom\u00e9s s\u2019aconsegueix un acord superficial. La tensi\u00f3 emocional seguir\u00e0 latent, esperant un altre escenari on manifestar-se.<\/p>\n\n\n\n<h3 class=\"wp-block-heading\"><span class=\"ez-toc-section\" id=\"Dret_Sistemic_sortir_del_triangle_per_resoldre_des_de_la_consciencia\"><\/span>Dret Sist\u00e8mic: sortir del triangle per resoldre des de la consci\u00e8ncia<span class=\"ez-toc-section-end\"><\/span><\/h3>\n\n\n\n<p>El Dret Sist\u00e8mic ofereix una alternativa real: no jugar al Triangle Dram\u00e0tic, sin\u00f3 desmuntar-lo conscientment. Sortir d\u2019aquest patr\u00f3 requereix una mirada completament diferent, una mirada sist\u00e8mica. No n\u2019hi ha prou amb canviar de rol; cal abandonar el joc per complet. Com fer-ho?<\/p>\n\n\n\n<ol class=\"wp-block-list\">\n<li><strong>Abandonar la posici\u00f3 de salvador i observar sense jutjar<\/strong><br>El primer pas \u00e9s recon\u00e8ixer el Triangle en acci\u00f3 i prendre dist\u00e0ncia emocional. L\u2019advocat o el mediador ha de ser un facilitador de consci\u00e8ncia i empoderament.<\/li>\n\n\n\n<li><strong>Empoderar la v\u00edctima i fomentar la responsabilitat en lloc de la depend\u00e8ncia<\/strong><br>En lloc de refor\u00e7ar la mentalitat de v\u00edctima, l\u2019advocat o mediador pot ajudar el seu client a trobar la seva autonomia en la resoluci\u00f3 del conflicte.<\/li>\n\n\n\n<li><strong>Humanitzar el perseguidor<\/strong><br>Comprendre que qualsevol agressor tamb\u00e9 carrega una hist\u00f2ria, un dolor, una necessitat no satisfeta, transforma la din\u00e0mica del conflicte.<\/li>\n\n\n\n<li><strong>Desenvolupar una visi\u00f3 sist\u00e8mica<\/strong><br>Els conflictes no es resolen nom\u00e9s amb normes i arguments, sin\u00f3 comprenent-ne el context emocional, familiar i social.<\/li>\n<\/ol>\n\n\n\n<h3 class=\"wp-block-heading\"><span class=\"ez-toc-section\" id=\"Conclusio\"><\/span>Conclusi\u00f3<span class=\"ez-toc-section-end\"><\/span><\/h3>\n\n\n\n<p>Sortir del Triangle Dram\u00e0tic i adoptar una mirada sist\u00e8mica implica un canvi de paradigma en la pr\u00e0ctica jur\u00eddica i en la mediaci\u00f3. Els conflictes poden ser oportunitats de transformaci\u00f3 i aprenentatge.<\/p>\n\n\n\n<p>Com a professionals del Dret, la pregunta clau \u00e9s: <em>Amb la nostra actuaci\u00f3, estem perpetuant el drama o facilitant una resoluci\u00f3?<\/em> La resposta a aquesta q\u00fcesti\u00f3 pot marcar la difer\u00e8ncia en la vida de qui confia en nosaltres per trobar just\u00edcia i equilibri.<\/p>\n","protected":false},"excerpt":{"rendered":"<p>En la pr\u00e0ctica jur\u00eddica o en l\u2019exercici d\u2019un proc\u00e9s de mediaci\u00f3, les emocions s\u00f3n la base invisible sobre la qual es teixeixen les narratives del conflicte. Cada advocat, cada jutge, cada mediador es troba, moltes vegades sense saber-ho, atrapat en una estructura invisible que perpetua el patiment i la manca de solucions reals: el Triangle [&hellip;]<\/p>\n","protected":false},"author":1,"featured_media":776,"comment_status":"closed","ping_status":"closed","sticky":false,"template":"","format":"standard","meta":{"_et_pb_use_builder":"off","_et_pb_old_content":"","_et_gb_content_width":"","footnotes":""},"categories":[23],"tags":[],"class_list":["post-778","post","type-post","status-publish","format-standard","has-post-thumbnail","hentry","category-dret-sistemic"],"yoast_head":"<!-- This site is optimized with the Yoast SEO plugin v27.4 - https:\/\/yoast.com\/product\/yoast-seo-wordpress\/ -->\n<title>El Dret Sist\u00e8mic i el triangle dram\u00e0tic de Karpman: una trampa inconscient per a advocats i mediadors - Soriano Advocats<\/title>\n<meta name=\"robots\" content=\"index, follow, max-snippet:-1, max-image-preview:large, max-video-preview:-1\" \/>\n<link rel=\"canonical\" href=\"https:\/\/sorianoadvocats.com\/ca\/el-triangle-dramatic-de-karpman\/\" \/>\n<meta property=\"og:locale\" content=\"en_US\" \/>\n<meta property=\"og:type\" content=\"article\" \/>\n<meta property=\"og:title\" content=\"El Dret Sist\u00e8mic i el triangle dram\u00e0tic de Karpman: una trampa inconscient per a advocats i mediadors - Soriano Advocats\" \/>\n<meta property=\"og:description\" content=\"En la pr\u00e0ctica jur\u00eddica o en l\u2019exercici d\u2019un proc\u00e9s de mediaci\u00f3, les emocions s\u00f3n la base invisible sobre la qual es teixeixen les narratives del conflicte. Cada advocat, cada jutge, cada mediador es troba, moltes vegades sense saber-ho, atrapat en una estructura invisible que perpetua el patiment i la manca de solucions reals: el Triangle [&hellip;]\" \/>\n<meta property=\"og:url\" content=\"https:\/\/sorianoadvocats.com\/ca\/el-triangle-dramatic-de-karpman\/\" \/>\n<meta property=\"og:site_name\" content=\"Soriano Advocats\" \/>\n<meta property=\"article:publisher\" content=\"https:\/\/www.facebook.com\/sorianoadvocats\/\" \/>\n<meta property=\"article:author\" content=\"https:\/\/www.facebook.com\/sorianoadvocats\/\" \/>\n<meta property=\"article:published_time\" content=\"2025-03-16T14:56:44+00:00\" \/>\n<meta property=\"article:modified_time\" content=\"2025-03-17T14:57:39+00:00\" \/>\n<meta property=\"og:image\" content=\"https:\/\/sorianoadvocats.com\/wp-content\/uploads\/derecho-sistemico.png\" \/>\n\t<meta property=\"og:image:width\" content=\"1200\" \/>\n\t<meta property=\"og:image:height\" content=\"675\" \/>\n\t<meta property=\"og:image:type\" content=\"image\/png\" \/>\n<meta name=\"author\" content=\"Enric Soriano Ort\u00edn\" \/>\n<meta name=\"twitter:card\" content=\"summary_large_image\" \/>\n<meta name=\"twitter:label1\" content=\"Written by\" \/>\n\t<meta name=\"twitter:data1\" content=\"Enric Soriano Ort\u00edn\" \/>\n\t<meta name=\"twitter:label2\" content=\"Est. reading time\" \/>\n\t<meta name=\"twitter:data2\" content=\"6 minutes\" \/>\n<script type=\"application\/ld+json\" class=\"yoast-schema-graph\">{\"@context\":\"https:\\\/\\\/schema.org\",\"@graph\":[{\"@type\":\"Article\",\"@id\":\"https:\\\/\\\/sorianoadvocats.com\\\/ca\\\/el-triangle-dramatic-de-karpman\\\/#article\",\"isPartOf\":{\"@id\":\"https:\\\/\\\/sorianoadvocats.com\\\/ca\\\/el-triangle-dramatic-de-karpman\\\/\"},\"author\":{\"name\":\"Enric Soriano Ort\u00edn\",\"@id\":\"https:\\\/\\\/sorianoadvocats.com\\\/#\\\/schema\\\/person\\\/2dadefd44905451e646dd703d3df8b21\"},\"headline\":\"El Dret Sist\u00e8mic i el triangle dram\u00e0tic de Karpman: una trampa inconscient per a advocats i mediadors\",\"datePublished\":\"2025-03-16T14:56:44+00:00\",\"dateModified\":\"2025-03-17T14:57:39+00:00\",\"mainEntityOfPage\":{\"@id\":\"https:\\\/\\\/sorianoadvocats.com\\\/ca\\\/el-triangle-dramatic-de-karpman\\\/\"},\"wordCount\":1212,\"image\":{\"@id\":\"https:\\\/\\\/sorianoadvocats.com\\\/ca\\\/el-triangle-dramatic-de-karpman\\\/#primaryimage\"},\"thumbnailUrl\":\"https:\\\/\\\/sorianoadvocats.com\\\/wp-content\\\/uploads\\\/derecho-sistemico.png\",\"articleSection\":[\"Dret Sist\u00e8mic\"],\"inLanguage\":\"ca-CA\"},{\"@type\":\"WebPage\",\"@id\":\"https:\\\/\\\/sorianoadvocats.com\\\/ca\\\/el-triangle-dramatic-de-karpman\\\/\",\"url\":\"https:\\\/\\\/sorianoadvocats.com\\\/ca\\\/el-triangle-dramatic-de-karpman\\\/\",\"name\":\"El Dret Sist\u00e8mic i el triangle dram\u00e0tic de Karpman: una trampa inconscient per a advocats i mediadors - Soriano Advocats\",\"isPartOf\":{\"@id\":\"https:\\\/\\\/sorianoadvocats.com\\\/#website\"},\"primaryImageOfPage\":{\"@id\":\"https:\\\/\\\/sorianoadvocats.com\\\/ca\\\/el-triangle-dramatic-de-karpman\\\/#primaryimage\"},\"image\":{\"@id\":\"https:\\\/\\\/sorianoadvocats.com\\\/ca\\\/el-triangle-dramatic-de-karpman\\\/#primaryimage\"},\"thumbnailUrl\":\"https:\\\/\\\/sorianoadvocats.com\\\/wp-content\\\/uploads\\\/derecho-sistemico.png\",\"datePublished\":\"2025-03-16T14:56:44+00:00\",\"dateModified\":\"2025-03-17T14:57:39+00:00\",\"author\":{\"@id\":\"https:\\\/\\\/sorianoadvocats.com\\\/#\\\/schema\\\/person\\\/2dadefd44905451e646dd703d3df8b21\"},\"breadcrumb\":{\"@id\":\"https:\\\/\\\/sorianoadvocats.com\\\/ca\\\/el-triangle-dramatic-de-karpman\\\/#breadcrumb\"},\"inLanguage\":\"ca-CA\",\"potentialAction\":[{\"@type\":\"ReadAction\",\"target\":[\"https:\\\/\\\/sorianoadvocats.com\\\/ca\\\/el-triangle-dramatic-de-karpman\\\/\"]}]},{\"@type\":\"ImageObject\",\"inLanguage\":\"ca-CA\",\"@id\":\"https:\\\/\\\/sorianoadvocats.com\\\/ca\\\/el-triangle-dramatic-de-karpman\\\/#primaryimage\",\"url\":\"https:\\\/\\\/sorianoadvocats.com\\\/wp-content\\\/uploads\\\/derecho-sistemico.png\",\"contentUrl\":\"https:\\\/\\\/sorianoadvocats.com\\\/wp-content\\\/uploads\\\/derecho-sistemico.png\",\"width\":1200,\"height\":675},{\"@type\":\"BreadcrumbList\",\"@id\":\"https:\\\/\\\/sorianoadvocats.com\\\/ca\\\/el-triangle-dramatic-de-karpman\\\/#breadcrumb\",\"itemListElement\":[{\"@type\":\"ListItem\",\"position\":1,\"name\":\"Portada\",\"item\":\"https:\\\/\\\/sorianoadvocats.com\\\/ca\\\/\"},{\"@type\":\"ListItem\",\"position\":2,\"name\":\"El Dret Sist\u00e8mic i el triangle dram\u00e0tic de Karpman: una trampa inconscient per a advocats i mediadors\"}]},{\"@type\":\"WebSite\",\"@id\":\"https:\\\/\\\/sorianoadvocats.com\\\/#website\",\"url\":\"https:\\\/\\\/sorianoadvocats.com\\\/\",\"name\":\"Soriano Advocats\",\"description\":\"Otro sitio realizado con WordPress\",\"potentialAction\":[{\"@type\":\"SearchAction\",\"target\":{\"@type\":\"EntryPoint\",\"urlTemplate\":\"https:\\\/\\\/sorianoadvocats.com\\\/?s={search_term_string}\"},\"query-input\":{\"@type\":\"PropertyValueSpecification\",\"valueRequired\":true,\"valueName\":\"search_term_string\"}}],\"inLanguage\":\"ca-CA\"},{\"@type\":\"Person\",\"@id\":\"https:\\\/\\\/sorianoadvocats.com\\\/#\\\/schema\\\/person\\\/2dadefd44905451e646dd703d3df8b21\",\"name\":\"Enric Soriano Ort\u00edn\",\"image\":{\"@type\":\"ImageObject\",\"inLanguage\":\"ca-CA\",\"@id\":\"https:\\\/\\\/secure.gravatar.com\\\/avatar\\\/aef86abf812645846e7e78f3258d7ea2d4e6e42d470aa2c868b79ba49f94b1e1?s=96&d=mm&r=g\",\"url\":\"https:\\\/\\\/secure.gravatar.com\\\/avatar\\\/aef86abf812645846e7e78f3258d7ea2d4e6e42d470aa2c868b79ba49f94b1e1?s=96&d=mm&r=g\",\"contentUrl\":\"https:\\\/\\\/secure.gravatar.com\\\/avatar\\\/aef86abf812645846e7e78f3258d7ea2d4e6e42d470aa2c868b79ba49f94b1e1?s=96&d=mm&r=g\",\"caption\":\"Enric Soriano Ort\u00edn\"},\"description\":\"Abogado colaborativo sist\u00e9mico, mediador y coach jur\u00eddico, con enfoque en el Derecho Sist\u00e9mico y la pr\u00e1ctica consciente de la abogac\u00eda. Consultor organizacional y terapeuta en constelaciones sist\u00e9micas y PNL, acompa\u00f1ando procesos de transformaci\u00f3n personal y profesional desde una mirada integral.\",\"sameAs\":[\"http:\\\/\\\/sorianoadvocats.com\",\"https:\\\/\\\/www.facebook.com\\\/sorianoadvocats\\\/\",\"https:\\\/\\\/www.instagram.com\\\/enric_soriano_i_ortin\\\/\",\"https:\\\/\\\/es.linkedin.com\\\/in\\\/enric-soriano-ort\u00edn-015a3147\"],\"url\":\"https:\\\/\\\/sorianoadvocats.com\\\/ca\\\/author\\\/wp_soriano\\\/\"}]}<\/script>\n<!-- \/ Yoast SEO plugin. -->","yoast_head_json":{"title":"El Dret Sist\u00e8mic i el triangle dram\u00e0tic de Karpman: una trampa inconscient per a advocats i mediadors - Soriano Advocats","robots":{"index":"index","follow":"follow","max-snippet":"max-snippet:-1","max-image-preview":"max-image-preview:large","max-video-preview":"max-video-preview:-1"},"canonical":"https:\/\/sorianoadvocats.com\/ca\/el-triangle-dramatic-de-karpman\/","og_locale":"en_US","og_type":"article","og_title":"El Dret Sist\u00e8mic i el triangle dram\u00e0tic de Karpman: una trampa inconscient per a advocats i mediadors - Soriano Advocats","og_description":"En la pr\u00e0ctica jur\u00eddica o en l\u2019exercici d\u2019un proc\u00e9s de mediaci\u00f3, les emocions s\u00f3n la base invisible sobre la qual es teixeixen les narratives del conflicte. Cada advocat, cada jutge, cada mediador es troba, moltes vegades sense saber-ho, atrapat en una estructura invisible que perpetua el patiment i la manca de solucions reals: el Triangle [&hellip;]","og_url":"https:\/\/sorianoadvocats.com\/ca\/el-triangle-dramatic-de-karpman\/","og_site_name":"Soriano Advocats","article_publisher":"https:\/\/www.facebook.com\/sorianoadvocats\/","article_author":"https:\/\/www.facebook.com\/sorianoadvocats\/","article_published_time":"2025-03-16T14:56:44+00:00","article_modified_time":"2025-03-17T14:57:39+00:00","og_image":[{"width":1200,"height":675,"url":"https:\/\/sorianoadvocats.com\/wp-content\/uploads\/derecho-sistemico.png","type":"image\/png"}],"author":"Enric Soriano Ort\u00edn","twitter_card":"summary_large_image","twitter_misc":{"Written by":"Enric Soriano Ort\u00edn","Est. reading time":"6 minutes"},"schema":{"@context":"https:\/\/schema.org","@graph":[{"@type":"Article","@id":"https:\/\/sorianoadvocats.com\/ca\/el-triangle-dramatic-de-karpman\/#article","isPartOf":{"@id":"https:\/\/sorianoadvocats.com\/ca\/el-triangle-dramatic-de-karpman\/"},"author":{"name":"Enric Soriano Ort\u00edn","@id":"https:\/\/sorianoadvocats.com\/#\/schema\/person\/2dadefd44905451e646dd703d3df8b21"},"headline":"El Dret Sist\u00e8mic i el triangle dram\u00e0tic de Karpman: una trampa inconscient per a advocats i mediadors","datePublished":"2025-03-16T14:56:44+00:00","dateModified":"2025-03-17T14:57:39+00:00","mainEntityOfPage":{"@id":"https:\/\/sorianoadvocats.com\/ca\/el-triangle-dramatic-de-karpman\/"},"wordCount":1212,"image":{"@id":"https:\/\/sorianoadvocats.com\/ca\/el-triangle-dramatic-de-karpman\/#primaryimage"},"thumbnailUrl":"https:\/\/sorianoadvocats.com\/wp-content\/uploads\/derecho-sistemico.png","articleSection":["Dret Sist\u00e8mic"],"inLanguage":"ca-CA"},{"@type":"WebPage","@id":"https:\/\/sorianoadvocats.com\/ca\/el-triangle-dramatic-de-karpman\/","url":"https:\/\/sorianoadvocats.com\/ca\/el-triangle-dramatic-de-karpman\/","name":"El Dret Sist\u00e8mic i el triangle dram\u00e0tic de Karpman: una trampa inconscient per a advocats i mediadors - Soriano Advocats","isPartOf":{"@id":"https:\/\/sorianoadvocats.com\/#website"},"primaryImageOfPage":{"@id":"https:\/\/sorianoadvocats.com\/ca\/el-triangle-dramatic-de-karpman\/#primaryimage"},"image":{"@id":"https:\/\/sorianoadvocats.com\/ca\/el-triangle-dramatic-de-karpman\/#primaryimage"},"thumbnailUrl":"https:\/\/sorianoadvocats.com\/wp-content\/uploads\/derecho-sistemico.png","datePublished":"2025-03-16T14:56:44+00:00","dateModified":"2025-03-17T14:57:39+00:00","author":{"@id":"https:\/\/sorianoadvocats.com\/#\/schema\/person\/2dadefd44905451e646dd703d3df8b21"},"breadcrumb":{"@id":"https:\/\/sorianoadvocats.com\/ca\/el-triangle-dramatic-de-karpman\/#breadcrumb"},"inLanguage":"ca-CA","potentialAction":[{"@type":"ReadAction","target":["https:\/\/sorianoadvocats.com\/ca\/el-triangle-dramatic-de-karpman\/"]}]},{"@type":"ImageObject","inLanguage":"ca-CA","@id":"https:\/\/sorianoadvocats.com\/ca\/el-triangle-dramatic-de-karpman\/#primaryimage","url":"https:\/\/sorianoadvocats.com\/wp-content\/uploads\/derecho-sistemico.png","contentUrl":"https:\/\/sorianoadvocats.com\/wp-content\/uploads\/derecho-sistemico.png","width":1200,"height":675},{"@type":"BreadcrumbList","@id":"https:\/\/sorianoadvocats.com\/ca\/el-triangle-dramatic-de-karpman\/#breadcrumb","itemListElement":[{"@type":"ListItem","position":1,"name":"Portada","item":"https:\/\/sorianoadvocats.com\/ca\/"},{"@type":"ListItem","position":2,"name":"El Dret Sist\u00e8mic i el triangle dram\u00e0tic de Karpman: una trampa inconscient per a advocats i mediadors"}]},{"@type":"WebSite","@id":"https:\/\/sorianoadvocats.com\/#website","url":"https:\/\/sorianoadvocats.com\/","name":"Soriano Advocats","description":"Otro sitio realizado con WordPress","potentialAction":[{"@type":"SearchAction","target":{"@type":"EntryPoint","urlTemplate":"https:\/\/sorianoadvocats.com\/?s={search_term_string}"},"query-input":{"@type":"PropertyValueSpecification","valueRequired":true,"valueName":"search_term_string"}}],"inLanguage":"ca-CA"},{"@type":"Person","@id":"https:\/\/sorianoadvocats.com\/#\/schema\/person\/2dadefd44905451e646dd703d3df8b21","name":"Enric Soriano Ort\u00edn","image":{"@type":"ImageObject","inLanguage":"ca-CA","@id":"https:\/\/secure.gravatar.com\/avatar\/aef86abf812645846e7e78f3258d7ea2d4e6e42d470aa2c868b79ba49f94b1e1?s=96&d=mm&r=g","url":"https:\/\/secure.gravatar.com\/avatar\/aef86abf812645846e7e78f3258d7ea2d4e6e42d470aa2c868b79ba49f94b1e1?s=96&d=mm&r=g","contentUrl":"https:\/\/secure.gravatar.com\/avatar\/aef86abf812645846e7e78f3258d7ea2d4e6e42d470aa2c868b79ba49f94b1e1?s=96&d=mm&r=g","caption":"Enric Soriano Ort\u00edn"},"description":"Abogado colaborativo sist\u00e9mico, mediador y coach jur\u00eddico, con enfoque en el Derecho Sist\u00e9mico y la pr\u00e1ctica consciente de la abogac\u00eda. Consultor organizacional y terapeuta en constelaciones sist\u00e9micas y PNL, acompa\u00f1ando procesos de transformaci\u00f3n personal y profesional desde una mirada integral.","sameAs":["http:\/\/sorianoadvocats.com","https:\/\/www.facebook.com\/sorianoadvocats\/","https:\/\/www.instagram.com\/enric_soriano_i_ortin\/","https:\/\/es.linkedin.com\/in\/enric-soriano-ort\u00edn-015a3147"],"url":"https:\/\/sorianoadvocats.com\/ca\/author\/wp_soriano\/"}]}},"_links":{"self":[{"href":"https:\/\/sorianoadvocats.com\/ca\/wp-json\/wp\/v2\/posts\/778","targetHints":{"allow":["GET"]}}],"collection":[{"href":"https:\/\/sorianoadvocats.com\/ca\/wp-json\/wp\/v2\/posts"}],"about":[{"href":"https:\/\/sorianoadvocats.com\/ca\/wp-json\/wp\/v2\/types\/post"}],"author":[{"embeddable":true,"href":"https:\/\/sorianoadvocats.com\/ca\/wp-json\/wp\/v2\/users\/1"}],"replies":[{"embeddable":true,"href":"https:\/\/sorianoadvocats.com\/ca\/wp-json\/wp\/v2\/comments?post=778"}],"version-history":[{"count":1,"href":"https:\/\/sorianoadvocats.com\/ca\/wp-json\/wp\/v2\/posts\/778\/revisions"}],"predecessor-version":[{"id":779,"href":"https:\/\/sorianoadvocats.com\/ca\/wp-json\/wp\/v2\/posts\/778\/revisions\/779"}],"wp:featuredmedia":[{"embeddable":true,"href":"https:\/\/sorianoadvocats.com\/ca\/wp-json\/wp\/v2\/media\/776"}],"wp:attachment":[{"href":"https:\/\/sorianoadvocats.com\/ca\/wp-json\/wp\/v2\/media?parent=778"}],"wp:term":[{"taxonomy":"category","embeddable":true,"href":"https:\/\/sorianoadvocats.com\/ca\/wp-json\/wp\/v2\/categories?post=778"},{"taxonomy":"post_tag","embeddable":true,"href":"https:\/\/sorianoadvocats.com\/ca\/wp-json\/wp\/v2\/tags?post=778"}],"curies":[{"name":"wp","href":"https:\/\/api.w.org\/{rel}","templated":true}]}}