{"id":730,"date":"2025-02-05T16:35:26","date_gmt":"2025-02-05T16:35:26","guid":{"rendered":"https:\/\/sorianoadvocats.com\/?p=730"},"modified":"2025-02-27T16:36:54","modified_gmt":"2025-02-27T16:36:54","slug":"el-dret-sistemic-en-la-practica-del-dret-col%c2%b7laboratiu","status":"publish","type":"post","link":"https:\/\/sorianoadvocats.com\/ca\/el-dret-sistemic-en-la-practica-del-dret-col%c2%b7laboratiu\/","title":{"rendered":"El Dret Sist\u00e8mic en la pr\u00e0ctica del Dret Col\u00b7laboratiu: una eina essencial per a l&#8217;advocat del futur"},"content":{"rendered":"\n<p><strong>Com el dret sist\u00e8mic i el dret col\u00b7laboratiu transformen la resoluci\u00f3 de conflictes?<\/strong><br>Estem acostumats a veure els conflictes com un enfrontament entre parts, on cadascuna busca maximitzar el seu benefici en detriment de l\u2019altra. No obstant aix\u00f2, aquesta perspectiva tradicional moltes vegades genera m\u00e9s dany que solucions, deixant ferides obertes i relacions irremeiablement fracturades. \u00c9s possible una manera diferent d\u2019abordar els conflictes? Pot el dret ser un espai de sanaci\u00f3 en lloc de confrontaci\u00f3?<\/p>\n\n\n\n<p>Aqu\u00ed \u00e9s on l\u2019enfocament sist\u00e8mic i el dret col\u00b7laboratiu es troben i es potencien. Mentre que el dret col\u00b7laboratiu proposa resoldre disputes des del di\u00e0leg i la cooperaci\u00f3, l\u2019enfocament sist\u00e8mic ens ajuda a veure m\u00e9s enll\u00e0 dels fets visibles, comprenent les din\u00e0miques ocultes que sostenen els conflictes. Aquesta combinaci\u00f3 permet trobar solucions m\u00e9s efectives i sostenibles en el temps.<\/p>\n\n\n\n<p>Qu\u00e8<strong> \u00e9s l\u2019enfocament sist\u00e8mic en el dret?<\/strong><br>L\u2019enfocament sist\u00e8mic ens convida a mirar els conflictes no \u00fanicament com esdeveniments a\u00efllats, sin\u00f3 tamb\u00e9 com expressions d\u2019un sistema m\u00e9s ampli de relacions humanes, com poden ser la fam\u00edlia, l\u2019empresa, els amics o la comunitat social en qu\u00e8 vivim, entre molts altres. Cada conflicte t\u00e9 arrels profundes en la hist\u00f2ria i les relacions de les persones involucrades. A vegades, una disputa legal \u00e9s nom\u00e9s la manifestaci\u00f3 visible d\u2019un problema que s\u2019ha gestat durant anys, fins i tot generacions.<\/p>\n\n\n\n<p>Per posar l\u2019exemple recurrent dels conflictes hereditaris, aquests casos no es tracten nom\u00e9s d\u2019un desacord sobre b\u00e9ns materials, sin\u00f3 que tamb\u00e9 poden estar en joc lleialtats invisibles, patrons familiars i ferides emocionals no resoltes en el si familiar. La sist\u00e8mica ens permet detectar aquests elements i treballar-hi per aconseguir acords m\u00e9s conscients i duradors.<\/p>\n\n\n\n<p><strong>Principals eines sist\u00e8miques en el dret col\u00b7laboratiu<\/strong><br>El dret col\u00b7laboratiu, en basar-se en la negociaci\u00f3 i el treball conjunt, \u00e9s l\u2019espai ideal per integrar eines sist\u00e8miques. Algunes de les m\u00e9s poderoses s\u00f3n:<\/p>\n\n\n\n<ul class=\"wp-block-list\">\n<li><strong>L\u2019observaci\u00f3 de patrons i rols:<\/strong> Es repeteixen certs conflictes en la fam\u00edlia o en l\u2019empresa? Existeixen rols r\u00edgids que impedeixen la resoluci\u00f3 del problema?<\/li>\n\n\n\n<li><strong>Les preguntes circulars:<\/strong> En lloc de preguntar &#8220;Qui t\u00e9 ra\u00f3?&#8221;, preguntar &#8220;Com afecta aquest conflicte a cada persona involucrada?&#8221;<\/li>\n\n\n\n<li><strong>L\u2019\u00fas de met\u00e0fores i representacions:<\/strong> Explicar els conflictes amb imatges i figures facilita la presa de consci\u00e8ncia i el desbloqueig de situacions estancades.<\/li>\n\n\n\n<li><strong>El reconeixement dels exclosos:<\/strong> Moltes vegades, la pau arriba quan es reconeix a aquells que han estat oblidats en la hist\u00f2ria familiar o institucional.<\/li>\n<\/ul>\n\n\n\n<p><strong>La import\u00e0ncia de la formaci\u00f3 en dret sist\u00e8mic per als advocats<\/strong><br>Per als advocats que volen ampliar la seva capacitat d\u2019intervenci\u00f3 i transformar la manera en qu\u00e8 es resolen els conflictes, la formaci\u00f3 en eines sist\u00e8miques \u00e9s clau. Comprendre els aspectes profunds de les disputes enriqueix la pr\u00e0ctica professional i permet un abordatge m\u00e9s integral i efectiu.<\/p>\n\n\n\n<p>El dret sist\u00e8mic ajuda els advocats a deixar de ser mers aplicadors de normatives per convertir-se en facilitadors de solucions. Els brinda noves habilitats, com la capacitat de llegir din\u00e0miques ocultes, interpretar el llenguatge no verbal dels clients i comprendre les emocions subjacents en un litigi. Aquestes compet\u00e8ncies s\u00f3n especialment \u00fatils en \u00e0rees sensibles com el dret de fam\u00edlia, les successions i en totes aquelles situacions en qu\u00e8 les emocions estan molt presents.<\/p>\n\n\n\n<p>A m\u00e9s, una formaci\u00f3 en sist\u00e8mica permet als advocats distingir-se en un camp cada cop m\u00e9s competitiu. La demanda de professionals amb una mirada hol\u00edstica i conciliadora est\u00e0 en augment, ja que les persones busquen resoldre els seus conflictes de manera m\u00e9s humana i menys destructiva.<\/p>\n\n\n\n<p>En integrar eines sist\u00e8miques en el dret col\u00b7laboratiu, els professionals del dret poden oferir un servei diferenciat, alineat amb les veritables necessitats dels clients, que busquen solucions menys confrontatives i m\u00e9s alineades amb la realitat emocional i relacional dels conflictes.<\/p>\n\n\n\n<p><strong>Beneficis de l\u2019enfocament sist\u00e8mic en la pr\u00e0ctica del dret<\/strong><\/p>\n\n\n\n<ul class=\"wp-block-list\">\n<li><strong>Resoluci\u00f3 de conflictes m\u00e9s efectiva:<\/strong> En abordar les arrels del problema, els acords assolits s\u00f3n m\u00e9s sostenibles.<\/li>\n\n\n\n<li><strong>Major satisfacci\u00f3 del client:<\/strong> Els clients perceben un servei m\u00e9s hum\u00e0 i personalitzat.<\/li>\n\n\n\n<li><strong>Diferenciaci\u00f3 professional:<\/strong> Un advocat amb coneixements sist\u00e8mics ofereix un valor afegit en el mercat legal.<\/li>\n\n\n\n<li><strong>Reducci\u00f3 de l\u2019estr\u00e8s en els processos legals:<\/strong> En focalitzar-se en solucions cooperatives, es disminueix la c\u00e0rrega emocional dels litigis.<\/li>\n\n\n\n<li><strong>Aplicabilitat en m\u00faltiples \u00e0rees del dret:<\/strong> Des del dret de fam\u00edlia fins a conflictes empresarials, l\u2019enfocament sist\u00e8mic t\u00e9 un impacte transversal.<\/li>\n<\/ul>\n\n\n\n<p><strong>Conclusi\u00f3: el futur del dret \u00e9s sist\u00e8mic i col\u00b7laboratiu<\/strong><br>Com a advocats i mediadors, sovint ens centrem en els aspectes t\u00e8cnics dels conflictes, per\u00f2, qu\u00e8 passaria si tamb\u00e9 aprengu\u00e9ssim a veure el que no es diu, el que s\u2019amaga entre l\u00ednies? I si ajud\u00e9ssim els nostres clients a recon\u00e8ixer les din\u00e0miques profundes que els lliguen al conflicte?<\/p>\n\n\n\n<p>La invitaci\u00f3 est\u00e0 oberta: est\u00e0s disposat a mirar els conflictes amb nous ulls?<\/p>\n","protected":false},"excerpt":{"rendered":"<p>Com el dret sist\u00e8mic i el dret col\u00b7laboratiu transformen la resoluci\u00f3 de conflictes?Estem acostumats a veure els conflictes com un enfrontament entre parts, on cadascuna busca maximitzar el seu benefici en detriment de l\u2019altra. No obstant aix\u00f2, aquesta perspectiva tradicional moltes vegades genera m\u00e9s dany que solucions, deixant ferides obertes i relacions irremeiablement fracturades. \u00c9s [&hellip;]<\/p>\n","protected":false},"author":1,"featured_media":728,"comment_status":"closed","ping_status":"closed","sticky":false,"template":"","format":"standard","meta":{"_et_pb_use_builder":"off","_et_pb_old_content":"","_et_gb_content_width":"","footnotes":""},"categories":[23],"tags":[],"class_list":["post-730","post","type-post","status-publish","format-standard","has-post-thumbnail","hentry","category-dret-sistemic"],"yoast_head":"<!-- This site is optimized with the Yoast SEO plugin v27.4 - https:\/\/yoast.com\/product\/yoast-seo-wordpress\/ -->\n<title>El Dret Sist\u00e8mic en la pr\u00e0ctica del Dret Col\u00b7laboratiu: una eina essencial per a l&#039;advocat del futur - Soriano Advocats<\/title>\n<meta name=\"robots\" content=\"index, follow, max-snippet:-1, max-image-preview:large, max-video-preview:-1\" \/>\n<link rel=\"canonical\" href=\"https:\/\/sorianoadvocats.com\/ca\/el-dret-sistemic-en-la-practica-del-dret-col\u00b7laboratiu\/\" \/>\n<meta property=\"og:locale\" content=\"en_US\" \/>\n<meta property=\"og:type\" content=\"article\" \/>\n<meta property=\"og:title\" content=\"El Dret Sist\u00e8mic en la pr\u00e0ctica del Dret Col\u00b7laboratiu: una eina essencial per a l&#039;advocat del futur - Soriano Advocats\" \/>\n<meta property=\"og:description\" content=\"Com el dret sist\u00e8mic i el dret col\u00b7laboratiu transformen la resoluci\u00f3 de conflictes?Estem acostumats a veure els conflictes com un enfrontament entre parts, on cadascuna busca maximitzar el seu benefici en detriment de l\u2019altra. No obstant aix\u00f2, aquesta perspectiva tradicional moltes vegades genera m\u00e9s dany que solucions, deixant ferides obertes i relacions irremeiablement fracturades. \u00c9s [&hellip;]\" \/>\n<meta property=\"og:url\" content=\"https:\/\/sorianoadvocats.com\/ca\/el-dret-sistemic-en-la-practica-del-dret-col\u00b7laboratiu\/\" \/>\n<meta property=\"og:site_name\" content=\"Soriano Advocats\" \/>\n<meta property=\"article:publisher\" content=\"https:\/\/www.facebook.com\/sorianoadvocats\/\" \/>\n<meta property=\"article:author\" content=\"https:\/\/www.facebook.com\/sorianoadvocats\/\" \/>\n<meta property=\"article:published_time\" content=\"2025-02-05T16:35:26+00:00\" \/>\n<meta property=\"article:modified_time\" content=\"2025-02-27T16:36:54+00:00\" \/>\n<meta property=\"og:image\" content=\"https:\/\/sorianoadvocats.com\/wp-content\/uploads\/derecho-sistemico-enric-soriano.jpg\" \/>\n\t<meta property=\"og:image:width\" content=\"567\" \/>\n\t<meta property=\"og:image:height\" content=\"318\" \/>\n\t<meta property=\"og:image:type\" content=\"image\/jpeg\" \/>\n<meta name=\"author\" content=\"Enric Soriano Ort\u00edn\" \/>\n<meta name=\"twitter:card\" content=\"summary_large_image\" \/>\n<meta name=\"twitter:label1\" content=\"Written by\" \/>\n\t<meta name=\"twitter:data1\" content=\"Enric Soriano Ort\u00edn\" \/>\n\t<meta name=\"twitter:label2\" content=\"Est. reading time\" \/>\n\t<meta name=\"twitter:data2\" content=\"4 minutes\" \/>\n<script type=\"application\/ld+json\" class=\"yoast-schema-graph\">{\"@context\":\"https:\\\/\\\/schema.org\",\"@graph\":[{\"@type\":\"Article\",\"@id\":\"https:\\\/\\\/sorianoadvocats.com\\\/ca\\\/el-dret-sistemic-en-la-practica-del-dret-col%c2%b7laboratiu\\\/#article\",\"isPartOf\":{\"@id\":\"https:\\\/\\\/sorianoadvocats.com\\\/ca\\\/el-dret-sistemic-en-la-practica-del-dret-col%c2%b7laboratiu\\\/\"},\"author\":{\"name\":\"Enric Soriano Ort\u00edn\",\"@id\":\"https:\\\/\\\/sorianoadvocats.com\\\/#\\\/schema\\\/person\\\/2dadefd44905451e646dd703d3df8b21\"},\"headline\":\"El Dret Sist\u00e8mic en la pr\u00e0ctica del Dret Col\u00b7laboratiu: una eina essencial per a l&#8217;advocat del futur\",\"datePublished\":\"2025-02-05T16:35:26+00:00\",\"dateModified\":\"2025-02-27T16:36:54+00:00\",\"mainEntityOfPage\":{\"@id\":\"https:\\\/\\\/sorianoadvocats.com\\\/ca\\\/el-dret-sistemic-en-la-practica-del-dret-col%c2%b7laboratiu\\\/\"},\"wordCount\":889,\"image\":{\"@id\":\"https:\\\/\\\/sorianoadvocats.com\\\/ca\\\/el-dret-sistemic-en-la-practica-del-dret-col%c2%b7laboratiu\\\/#primaryimage\"},\"thumbnailUrl\":\"https:\\\/\\\/sorianoadvocats.com\\\/wp-content\\\/uploads\\\/derecho-sistemico-enric-soriano.jpg\",\"articleSection\":[\"Dret Sist\u00e8mic\"],\"inLanguage\":\"ca-CA\"},{\"@type\":\"WebPage\",\"@id\":\"https:\\\/\\\/sorianoadvocats.com\\\/ca\\\/el-dret-sistemic-en-la-practica-del-dret-col%c2%b7laboratiu\\\/\",\"url\":\"https:\\\/\\\/sorianoadvocats.com\\\/ca\\\/el-dret-sistemic-en-la-practica-del-dret-col%c2%b7laboratiu\\\/\",\"name\":\"El Dret Sist\u00e8mic en la pr\u00e0ctica del Dret Col\u00b7laboratiu: una eina essencial per a l'advocat del futur - Soriano Advocats\",\"isPartOf\":{\"@id\":\"https:\\\/\\\/sorianoadvocats.com\\\/#website\"},\"primaryImageOfPage\":{\"@id\":\"https:\\\/\\\/sorianoadvocats.com\\\/ca\\\/el-dret-sistemic-en-la-practica-del-dret-col%c2%b7laboratiu\\\/#primaryimage\"},\"image\":{\"@id\":\"https:\\\/\\\/sorianoadvocats.com\\\/ca\\\/el-dret-sistemic-en-la-practica-del-dret-col%c2%b7laboratiu\\\/#primaryimage\"},\"thumbnailUrl\":\"https:\\\/\\\/sorianoadvocats.com\\\/wp-content\\\/uploads\\\/derecho-sistemico-enric-soriano.jpg\",\"datePublished\":\"2025-02-05T16:35:26+00:00\",\"dateModified\":\"2025-02-27T16:36:54+00:00\",\"author\":{\"@id\":\"https:\\\/\\\/sorianoadvocats.com\\\/#\\\/schema\\\/person\\\/2dadefd44905451e646dd703d3df8b21\"},\"breadcrumb\":{\"@id\":\"https:\\\/\\\/sorianoadvocats.com\\\/ca\\\/el-dret-sistemic-en-la-practica-del-dret-col%c2%b7laboratiu\\\/#breadcrumb\"},\"inLanguage\":\"ca-CA\",\"potentialAction\":[{\"@type\":\"ReadAction\",\"target\":[\"https:\\\/\\\/sorianoadvocats.com\\\/ca\\\/el-dret-sistemic-en-la-practica-del-dret-col%c2%b7laboratiu\\\/\"]}]},{\"@type\":\"ImageObject\",\"inLanguage\":\"ca-CA\",\"@id\":\"https:\\\/\\\/sorianoadvocats.com\\\/ca\\\/el-dret-sistemic-en-la-practica-del-dret-col%c2%b7laboratiu\\\/#primaryimage\",\"url\":\"https:\\\/\\\/sorianoadvocats.com\\\/wp-content\\\/uploads\\\/derecho-sistemico-enric-soriano.jpg\",\"contentUrl\":\"https:\\\/\\\/sorianoadvocats.com\\\/wp-content\\\/uploads\\\/derecho-sistemico-enric-soriano.jpg\",\"width\":567,\"height\":318},{\"@type\":\"BreadcrumbList\",\"@id\":\"https:\\\/\\\/sorianoadvocats.com\\\/ca\\\/el-dret-sistemic-en-la-practica-del-dret-col%c2%b7laboratiu\\\/#breadcrumb\",\"itemListElement\":[{\"@type\":\"ListItem\",\"position\":1,\"name\":\"Portada\",\"item\":\"https:\\\/\\\/sorianoadvocats.com\\\/ca\\\/\"},{\"@type\":\"ListItem\",\"position\":2,\"name\":\"El Dret Sist\u00e8mic en la pr\u00e0ctica del Dret Col\u00b7laboratiu: una eina essencial per a l&#8217;advocat del futur\"}]},{\"@type\":\"WebSite\",\"@id\":\"https:\\\/\\\/sorianoadvocats.com\\\/#website\",\"url\":\"https:\\\/\\\/sorianoadvocats.com\\\/\",\"name\":\"Soriano Advocats\",\"description\":\"Otro sitio realizado con WordPress\",\"potentialAction\":[{\"@type\":\"SearchAction\",\"target\":{\"@type\":\"EntryPoint\",\"urlTemplate\":\"https:\\\/\\\/sorianoadvocats.com\\\/?s={search_term_string}\"},\"query-input\":{\"@type\":\"PropertyValueSpecification\",\"valueRequired\":true,\"valueName\":\"search_term_string\"}}],\"inLanguage\":\"ca-CA\"},{\"@type\":\"Person\",\"@id\":\"https:\\\/\\\/sorianoadvocats.com\\\/#\\\/schema\\\/person\\\/2dadefd44905451e646dd703d3df8b21\",\"name\":\"Enric Soriano Ort\u00edn\",\"image\":{\"@type\":\"ImageObject\",\"inLanguage\":\"ca-CA\",\"@id\":\"https:\\\/\\\/secure.gravatar.com\\\/avatar\\\/aef86abf812645846e7e78f3258d7ea2d4e6e42d470aa2c868b79ba49f94b1e1?s=96&d=mm&r=g\",\"url\":\"https:\\\/\\\/secure.gravatar.com\\\/avatar\\\/aef86abf812645846e7e78f3258d7ea2d4e6e42d470aa2c868b79ba49f94b1e1?s=96&d=mm&r=g\",\"contentUrl\":\"https:\\\/\\\/secure.gravatar.com\\\/avatar\\\/aef86abf812645846e7e78f3258d7ea2d4e6e42d470aa2c868b79ba49f94b1e1?s=96&d=mm&r=g\",\"caption\":\"Enric Soriano Ort\u00edn\"},\"description\":\"Abogado colaborativo sist\u00e9mico, mediador y coach jur\u00eddico, con enfoque en el Derecho Sist\u00e9mico y la pr\u00e1ctica consciente de la abogac\u00eda. Consultor organizacional y terapeuta en constelaciones sist\u00e9micas y PNL, acompa\u00f1ando procesos de transformaci\u00f3n personal y profesional desde una mirada integral.\",\"sameAs\":[\"http:\\\/\\\/sorianoadvocats.com\",\"https:\\\/\\\/www.facebook.com\\\/sorianoadvocats\\\/\",\"https:\\\/\\\/www.instagram.com\\\/enric_soriano_i_ortin\\\/\",\"https:\\\/\\\/es.linkedin.com\\\/in\\\/enric-soriano-ort\u00edn-015a3147\"],\"url\":\"https:\\\/\\\/sorianoadvocats.com\\\/ca\\\/author\\\/wp_soriano\\\/\"}]}<\/script>\n<!-- \/ Yoast SEO plugin. -->","yoast_head_json":{"title":"El Dret Sist\u00e8mic en la pr\u00e0ctica del Dret Col\u00b7laboratiu: una eina essencial per a l'advocat del futur - Soriano Advocats","robots":{"index":"index","follow":"follow","max-snippet":"max-snippet:-1","max-image-preview":"max-image-preview:large","max-video-preview":"max-video-preview:-1"},"canonical":"https:\/\/sorianoadvocats.com\/ca\/el-dret-sistemic-en-la-practica-del-dret-col\u00b7laboratiu\/","og_locale":"en_US","og_type":"article","og_title":"El Dret Sist\u00e8mic en la pr\u00e0ctica del Dret Col\u00b7laboratiu: una eina essencial per a l'advocat del futur - Soriano Advocats","og_description":"Com el dret sist\u00e8mic i el dret col\u00b7laboratiu transformen la resoluci\u00f3 de conflictes?Estem acostumats a veure els conflictes com un enfrontament entre parts, on cadascuna busca maximitzar el seu benefici en detriment de l\u2019altra. No obstant aix\u00f2, aquesta perspectiva tradicional moltes vegades genera m\u00e9s dany que solucions, deixant ferides obertes i relacions irremeiablement fracturades. \u00c9s [&hellip;]","og_url":"https:\/\/sorianoadvocats.com\/ca\/el-dret-sistemic-en-la-practica-del-dret-col\u00b7laboratiu\/","og_site_name":"Soriano Advocats","article_publisher":"https:\/\/www.facebook.com\/sorianoadvocats\/","article_author":"https:\/\/www.facebook.com\/sorianoadvocats\/","article_published_time":"2025-02-05T16:35:26+00:00","article_modified_time":"2025-02-27T16:36:54+00:00","og_image":[{"width":567,"height":318,"url":"https:\/\/sorianoadvocats.com\/wp-content\/uploads\/derecho-sistemico-enric-soriano.jpg","type":"image\/jpeg"}],"author":"Enric Soriano Ort\u00edn","twitter_card":"summary_large_image","twitter_misc":{"Written by":"Enric Soriano Ort\u00edn","Est. reading time":"4 minutes"},"schema":{"@context":"https:\/\/schema.org","@graph":[{"@type":"Article","@id":"https:\/\/sorianoadvocats.com\/ca\/el-dret-sistemic-en-la-practica-del-dret-col%c2%b7laboratiu\/#article","isPartOf":{"@id":"https:\/\/sorianoadvocats.com\/ca\/el-dret-sistemic-en-la-practica-del-dret-col%c2%b7laboratiu\/"},"author":{"name":"Enric Soriano Ort\u00edn","@id":"https:\/\/sorianoadvocats.com\/#\/schema\/person\/2dadefd44905451e646dd703d3df8b21"},"headline":"El Dret Sist\u00e8mic en la pr\u00e0ctica del Dret Col\u00b7laboratiu: una eina essencial per a l&#8217;advocat del futur","datePublished":"2025-02-05T16:35:26+00:00","dateModified":"2025-02-27T16:36:54+00:00","mainEntityOfPage":{"@id":"https:\/\/sorianoadvocats.com\/ca\/el-dret-sistemic-en-la-practica-del-dret-col%c2%b7laboratiu\/"},"wordCount":889,"image":{"@id":"https:\/\/sorianoadvocats.com\/ca\/el-dret-sistemic-en-la-practica-del-dret-col%c2%b7laboratiu\/#primaryimage"},"thumbnailUrl":"https:\/\/sorianoadvocats.com\/wp-content\/uploads\/derecho-sistemico-enric-soriano.jpg","articleSection":["Dret Sist\u00e8mic"],"inLanguage":"ca-CA"},{"@type":"WebPage","@id":"https:\/\/sorianoadvocats.com\/ca\/el-dret-sistemic-en-la-practica-del-dret-col%c2%b7laboratiu\/","url":"https:\/\/sorianoadvocats.com\/ca\/el-dret-sistemic-en-la-practica-del-dret-col%c2%b7laboratiu\/","name":"El Dret Sist\u00e8mic en la pr\u00e0ctica del Dret Col\u00b7laboratiu: una eina essencial per a l'advocat del futur - Soriano Advocats","isPartOf":{"@id":"https:\/\/sorianoadvocats.com\/#website"},"primaryImageOfPage":{"@id":"https:\/\/sorianoadvocats.com\/ca\/el-dret-sistemic-en-la-practica-del-dret-col%c2%b7laboratiu\/#primaryimage"},"image":{"@id":"https:\/\/sorianoadvocats.com\/ca\/el-dret-sistemic-en-la-practica-del-dret-col%c2%b7laboratiu\/#primaryimage"},"thumbnailUrl":"https:\/\/sorianoadvocats.com\/wp-content\/uploads\/derecho-sistemico-enric-soriano.jpg","datePublished":"2025-02-05T16:35:26+00:00","dateModified":"2025-02-27T16:36:54+00:00","author":{"@id":"https:\/\/sorianoadvocats.com\/#\/schema\/person\/2dadefd44905451e646dd703d3df8b21"},"breadcrumb":{"@id":"https:\/\/sorianoadvocats.com\/ca\/el-dret-sistemic-en-la-practica-del-dret-col%c2%b7laboratiu\/#breadcrumb"},"inLanguage":"ca-CA","potentialAction":[{"@type":"ReadAction","target":["https:\/\/sorianoadvocats.com\/ca\/el-dret-sistemic-en-la-practica-del-dret-col%c2%b7laboratiu\/"]}]},{"@type":"ImageObject","inLanguage":"ca-CA","@id":"https:\/\/sorianoadvocats.com\/ca\/el-dret-sistemic-en-la-practica-del-dret-col%c2%b7laboratiu\/#primaryimage","url":"https:\/\/sorianoadvocats.com\/wp-content\/uploads\/derecho-sistemico-enric-soriano.jpg","contentUrl":"https:\/\/sorianoadvocats.com\/wp-content\/uploads\/derecho-sistemico-enric-soriano.jpg","width":567,"height":318},{"@type":"BreadcrumbList","@id":"https:\/\/sorianoadvocats.com\/ca\/el-dret-sistemic-en-la-practica-del-dret-col%c2%b7laboratiu\/#breadcrumb","itemListElement":[{"@type":"ListItem","position":1,"name":"Portada","item":"https:\/\/sorianoadvocats.com\/ca\/"},{"@type":"ListItem","position":2,"name":"El Dret Sist\u00e8mic en la pr\u00e0ctica del Dret Col\u00b7laboratiu: una eina essencial per a l&#8217;advocat del futur"}]},{"@type":"WebSite","@id":"https:\/\/sorianoadvocats.com\/#website","url":"https:\/\/sorianoadvocats.com\/","name":"Soriano Advocats","description":"Otro sitio realizado con WordPress","potentialAction":[{"@type":"SearchAction","target":{"@type":"EntryPoint","urlTemplate":"https:\/\/sorianoadvocats.com\/?s={search_term_string}"},"query-input":{"@type":"PropertyValueSpecification","valueRequired":true,"valueName":"search_term_string"}}],"inLanguage":"ca-CA"},{"@type":"Person","@id":"https:\/\/sorianoadvocats.com\/#\/schema\/person\/2dadefd44905451e646dd703d3df8b21","name":"Enric Soriano Ort\u00edn","image":{"@type":"ImageObject","inLanguage":"ca-CA","@id":"https:\/\/secure.gravatar.com\/avatar\/aef86abf812645846e7e78f3258d7ea2d4e6e42d470aa2c868b79ba49f94b1e1?s=96&d=mm&r=g","url":"https:\/\/secure.gravatar.com\/avatar\/aef86abf812645846e7e78f3258d7ea2d4e6e42d470aa2c868b79ba49f94b1e1?s=96&d=mm&r=g","contentUrl":"https:\/\/secure.gravatar.com\/avatar\/aef86abf812645846e7e78f3258d7ea2d4e6e42d470aa2c868b79ba49f94b1e1?s=96&d=mm&r=g","caption":"Enric Soriano Ort\u00edn"},"description":"Abogado colaborativo sist\u00e9mico, mediador y coach jur\u00eddico, con enfoque en el Derecho Sist\u00e9mico y la pr\u00e1ctica consciente de la abogac\u00eda. Consultor organizacional y terapeuta en constelaciones sist\u00e9micas y PNL, acompa\u00f1ando procesos de transformaci\u00f3n personal y profesional desde una mirada integral.","sameAs":["http:\/\/sorianoadvocats.com","https:\/\/www.facebook.com\/sorianoadvocats\/","https:\/\/www.instagram.com\/enric_soriano_i_ortin\/","https:\/\/es.linkedin.com\/in\/enric-soriano-ort\u00edn-015a3147"],"url":"https:\/\/sorianoadvocats.com\/ca\/author\/wp_soriano\/"}]}},"_links":{"self":[{"href":"https:\/\/sorianoadvocats.com\/ca\/wp-json\/wp\/v2\/posts\/730","targetHints":{"allow":["GET"]}}],"collection":[{"href":"https:\/\/sorianoadvocats.com\/ca\/wp-json\/wp\/v2\/posts"}],"about":[{"href":"https:\/\/sorianoadvocats.com\/ca\/wp-json\/wp\/v2\/types\/post"}],"author":[{"embeddable":true,"href":"https:\/\/sorianoadvocats.com\/ca\/wp-json\/wp\/v2\/users\/1"}],"replies":[{"embeddable":true,"href":"https:\/\/sorianoadvocats.com\/ca\/wp-json\/wp\/v2\/comments?post=730"}],"version-history":[{"count":1,"href":"https:\/\/sorianoadvocats.com\/ca\/wp-json\/wp\/v2\/posts\/730\/revisions"}],"predecessor-version":[{"id":731,"href":"https:\/\/sorianoadvocats.com\/ca\/wp-json\/wp\/v2\/posts\/730\/revisions\/731"}],"wp:featuredmedia":[{"embeddable":true,"href":"https:\/\/sorianoadvocats.com\/ca\/wp-json\/wp\/v2\/media\/728"}],"wp:attachment":[{"href":"https:\/\/sorianoadvocats.com\/ca\/wp-json\/wp\/v2\/media?parent=730"}],"wp:term":[{"taxonomy":"category","embeddable":true,"href":"https:\/\/sorianoadvocats.com\/ca\/wp-json\/wp\/v2\/categories?post=730"},{"taxonomy":"post_tag","embeddable":true,"href":"https:\/\/sorianoadvocats.com\/ca\/wp-json\/wp\/v2\/tags?post=730"}],"curies":[{"name":"wp","href":"https:\/\/api.w.org\/{rel}","templated":true}]}}