{"id":723,"date":"2024-12-05T16:30:59","date_gmt":"2024-12-05T16:30:59","guid":{"rendered":"https:\/\/sorianoadvocats.com\/?p=723"},"modified":"2025-02-27T16:37:04","modified_gmt":"2025-02-27T16:37:04","slug":"lenfocament-sistemic-en-ladministracio-de-finques","status":"publish","type":"post","link":"https:\/\/sorianoadvocats.com\/ca\/lenfocament-sistemic-en-ladministracio-de-finques\/","title":{"rendered":"L&#8217;Enfocament Sist\u00e8mic en l&#8217;administraci\u00f3 de finques com a vehicle de millora de gesti\u00f3 de les comunitats de propietaris"},"content":{"rendered":"\n<p>A les comunitats de propietaris, la conviv\u00e8ncia i el benestar dels propietaris que les integren depenen en bona mesura d\u2019una gesti\u00f3 eficient, equilibrada i transparent. Per als administradors de finques, aix\u00f2 suposa un gran repte, ja que sempre han de lidiar directament o indirectament amb els conflictes que es generen en el si de les comunitats que administren. \u00c9s aqu\u00ed on l\u2019enfocament sist\u00e8mic marca una gran difer\u00e8ncia, ja que permet veure la comunitat com un sistema complet en qu\u00e8 convergeixen m\u00faltiples subsistemes: com a m\u00ednim, els de cada propietari, el de la junta rectora i el de l\u2019administraci\u00f3 de finques, sense perjudici d\u2019altres que puguin confluir.<\/p>\n\n\n\n<p>L\u2019administrador de finques t\u00e9 un paper clau en la gesti\u00f3 de les comunitats de propietaris, per\u00f2 la seva tasca no es limita a aspectes econ\u00f2mics i de manteniment dels espais comuns, sin\u00f3 que tamb\u00e9 influeix en la qualitat de vida i l\u2019harmonia entre els ve\u00efns. Aplicar la visi\u00f3 sist\u00e8mica en aquesta professi\u00f3 permet a l\u2019administrador abordar els desafiaments des d\u2019una perspectiva integral, considerant tant els aspectes visibles com les din\u00e0miques internes de la comunitat.<\/p>\n\n\n\n<p>Per a un administrador de finques, aplicar la visi\u00f3 sist\u00e8mica significa anar m\u00e9s enll\u00e0 de les tasques de gesti\u00f3 i actuar com un facilitador de la conviv\u00e8ncia i el benestar. En abordar la comunitat com un sistema, l\u2019administrador pot crear un entorn en qu\u00e8 l\u2019organitzaci\u00f3 i les relacions es reforcin, aconseguint una administraci\u00f3 eficient i una comunitat m\u00e9s harm\u00f2nica i col\u00b7laborativa.<\/p>\n\n\n\n<p>A continuaci\u00f3, es destaquen alguns punts clau d\u2019aquesta visi\u00f3 sist\u00e8mica i com aix\u00f2 pot transformar la gesti\u00f3 i administraci\u00f3 d\u2019una comunitat de propietaris en una experi\u00e8ncia m\u00e9s harm\u00f2nica per a tots els implicats.<\/p>\n\n\n\n<div id=\"ez-toc-container\" class=\"ez-toc-v2_0_82_2 counter-hierarchy ez-toc-counter ez-toc-grey ez-toc-container-direction\">\n<div class=\"ez-toc-title-container\">\n<p class=\"ez-toc-title\" style=\"cursor:inherit\">\u00cdndice de contenidos<\/p>\n<span class=\"ez-toc-title-toggle\"><a href=\"#\" class=\"ez-toc-pull-right ez-toc-btn ez-toc-btn-xs ez-toc-btn-default ez-toc-toggle\" aria-label=\"Toggle Table of Content\"><span class=\"ez-toc-js-icon-con\"><span class=\"\"><span class=\"eztoc-hide\" style=\"display:none;\">Toggle<\/span><span class=\"ez-toc-icon-toggle-span\"><svg style=\"fill: #999;color:#999\" xmlns=\"http:\/\/www.w3.org\/2000\/svg\" class=\"list-377408\" width=\"20px\" height=\"20px\" viewBox=\"0 0 24 24\" fill=\"none\"><path d=\"M6 6H4v2h2V6zm14 0H8v2h12V6zM4 11h2v2H4v-2zm16 0H8v2h12v-2zM4 16h2v2H4v-2zm16 0H8v2h12v-2z\" fill=\"currentColor\"><\/path><\/svg><svg style=\"fill: #999;color:#999\" class=\"arrow-unsorted-368013\" xmlns=\"http:\/\/www.w3.org\/2000\/svg\" width=\"10px\" height=\"10px\" viewBox=\"0 0 24 24\" version=\"1.2\" baseProfile=\"tiny\"><path d=\"M18.2 9.3l-6.2-6.3-6.2 6.3c-.2.2-.3.4-.3.7s.1.5.3.7c.2.2.4.3.7.3h11c.3 0 .5-.1.7-.3.2-.2.3-.5.3-.7s-.1-.5-.3-.7zM5.8 14.7l6.2 6.3 6.2-6.3c.2-.2.3-.5.3-.7s-.1-.5-.3-.7c-.2-.2-.4-.3-.7-.3h-11c-.3 0-.5.1-.7.3-.2.2-.3.5-.3.7s.1.5.3.7z\"\/><\/svg><\/span><\/span><\/span><\/a><\/span><\/div>\n<nav><ul class='ez-toc-list ez-toc-list-level-1 ' ><li class='ez-toc-page-1 ez-toc-heading-level-3'><a class=\"ez-toc-link ez-toc-heading-1\" href=\"https:\/\/sorianoadvocats.com\/ca\/lenfocament-sistemic-en-ladministracio-de-finques\/#1_La_comunitat_de_propietaris_com_un_sistema_complet\" >1. La comunitat de propietaris com un sistema complet<\/a><\/li><li class='ez-toc-page-1 ez-toc-heading-level-3'><a class=\"ez-toc-link ez-toc-heading-2\" href=\"https:\/\/sorianoadvocats.com\/ca\/lenfocament-sistemic-en-ladministracio-de-finques\/#2_Rols_clars_equilibri_de_responsabilitats_i_respecte_a_les_diferencies\" >2. Rols clars, equilibri de responsabilitats i respecte a les difer\u00e8ncies<\/a><\/li><li class='ez-toc-page-1 ez-toc-heading-level-3'><a class=\"ez-toc-link ez-toc-heading-3\" href=\"https:\/\/sorianoadvocats.com\/ca\/lenfocament-sistemic-en-ladministracio-de-finques\/#3_Resolucio_de_conflictes_des_de_larrel\" >3. Resoluci\u00f3 de conflictes des de l\u2019arrel<\/a><\/li><li class='ez-toc-page-1 ez-toc-heading-level-3'><a class=\"ez-toc-link ez-toc-heading-4\" href=\"https:\/\/sorianoadvocats.com\/ca\/lenfocament-sistemic-en-ladministracio-de-finques\/#4_Comunicacio_oberta_i_transparent\" >4. Comunicaci\u00f3 oberta i transparent<\/a><\/li><li class='ez-toc-page-1 ez-toc-heading-level-3'><a class=\"ez-toc-link ez-toc-heading-5\" href=\"https:\/\/sorianoadvocats.com\/ca\/lenfocament-sistemic-en-ladministracio-de-finques\/#5_Establiment_de_normes_que_fomentin_la_convivencia\" >5. Establiment de normes que fomentin la conviv\u00e8ncia<\/a><\/li><li class='ez-toc-page-1 ez-toc-heading-level-3'><a class=\"ez-toc-link ez-toc-heading-6\" href=\"https:\/\/sorianoadvocats.com\/ca\/lenfocament-sistemic-en-ladministracio-de-finques\/#6_Visio_compartida_i_projectes_comuns\" >6. Visi\u00f3 compartida i projectes comuns<\/a><\/li><li class='ez-toc-page-1 ez-toc-heading-level-3'><a class=\"ez-toc-link ez-toc-heading-7\" href=\"https:\/\/sorianoadvocats.com\/ca\/lenfocament-sistemic-en-ladministracio-de-finques\/#CONCLUSIO\" >CONCLUSI\u00d3<\/a><\/li><\/ul><\/nav><\/div>\n<h3 class=\"wp-block-heading\"><span class=\"ez-toc-section\" id=\"1_La_comunitat_de_propietaris_com_un_sistema_complet\"><\/span>1. La comunitat de propietaris com un sistema complet<span class=\"ez-toc-section-end\"><\/span><\/h3>\n\n\n\n<p>Des de la visi\u00f3 sist\u00e8mica, cada comunitat de propietaris \u00e9s un sistema en qu\u00e8 tots els seus elements (propietaris, administrador, personal, junta rectora), al seu torn, s\u00f3n parts integrants d\u2019altres sistemes, i tots ells conflueixen i estan interrelacionats, de manera que els diferents comportaments i actituds de cadascun dels elements influeixen directament en la salut i el benestar col\u00b7lectiu.<\/p>\n\n\n\n<p>En entendre la comunitat com un sistema, l\u2019administrador pot veure com els conflictes, les decisions i les interaccions dels propietaris afecten el conjunt, i pot gestionar les situacions de manera m\u00e9s efectiva en considerar l\u2019impacte de cada acci\u00f3.<\/p>\n\n\n\n<p>La visi\u00f3 sist\u00e8mica permet comprendre que cada propietari t\u00e9 necessitats particulars que s\u2019entrellacen amb els interessos col\u00b7lectius. Aquesta interconnexi\u00f3 d\u2019interessos i necessitats requereix decisions justes, basades en l\u2019empatia i en la comprensi\u00f3 de les realitats de cada part interessada. La mera recerca d\u2019aquest equilibri resol els problemes i enforteix el conjunt del sistema.<\/p>\n\n\n\n<h3 class=\"wp-block-heading\"><span class=\"ez-toc-section\" id=\"2_Rols_clars_equilibri_de_responsabilitats_i_respecte_a_les_diferencies\"><\/span>2. Rols clars, equilibri de responsabilitats i respecte a les difer\u00e8ncies<span class=\"ez-toc-section-end\"><\/span><\/h3>\n\n\n\n<p>En una comunitat de propietaris, cada membre t\u00e9 un rol espec\u00edfic: els propietaris com a tals, el president, el vicepresident, els vocals, el secretari, l\u2019administrador, etc. L\u2019enfocament sist\u00e8mic promou que aquests rols estiguin clarament definits i respectats, evitant conflictes i tensions innecess\u00e0ries. A m\u00e9s, garanteix un equilibri de responsabilitats on tothom compr\u00e8n els seus deures i drets, fomentant una administraci\u00f3 transparent i efica\u00e7.<\/p>\n\n\n\n<p>La visi\u00f3 sist\u00e8mica ajuda l\u2019administrador a gestionar aquests rols amb claredat, promovent un respecte mutu i la comprensi\u00f3 de les responsabilitats individuals. Establir l\u00edmits i rols ben definits minimitza malentesos i tensions, afavorint una conviv\u00e8ncia fluida.<\/p>\n\n\n\n<h3 class=\"wp-block-heading\"><span class=\"ez-toc-section\" id=\"3_Resolucio_de_conflictes_des_de_larrel\"><\/span>3. Resoluci\u00f3 de conflictes des de l\u2019arrel<span class=\"ez-toc-section-end\"><\/span><\/h3>\n\n\n\n<p>Les difer\u00e8ncies i conflictes s\u00f3n inevitables en qualsevol comunitat de propietaris. En elles, sovint, hi subjeuen din\u00e0miques no evidents que afecten la conviv\u00e8ncia, com rivalitats antigues, aliances o ressentiments entre alguns membres.<\/p>\n\n\n\n<p>La visi\u00f3 sist\u00e8mica permet identificar aquestes din\u00e0miques i abordar-les de manera subtil, des del seu origen, i no nom\u00e9s en la seva manifestaci\u00f3 visible, i obre la porta a propostes de mesures que restaurin l\u2019equilibri i ajudin a desactivar tensions abans que s\u2019intensifiquin.<\/p>\n\n\n\n<p>Per a l\u2019administrador, aix\u00f2 significa escoltar i comprendre les causes profundes de les discrep\u00e0ncies entre ve\u00efns, que poden incloure problemes de comunicaci\u00f3, interessos personals o experi\u00e8ncies passades que afecten la conviv\u00e8ncia actual. Mitjan\u00e7ant la mediaci\u00f3 i la recerca de solucions conjuntes, l\u2019administrador pot resoldre els problemes d\u2019una manera duradora i satisfact\u00f2ria per a tothom.<\/p>\n\n\n\n<h3 class=\"wp-block-heading\"><span class=\"ez-toc-section\" id=\"4_Comunicacio_oberta_i_transparent\"><\/span>4. Comunicaci\u00f3 oberta i transparent<span class=\"ez-toc-section-end\"><\/span><\/h3>\n\n\n\n<p>La comunicaci\u00f3 \u00e9s essencial en qualsevol sistema, i en l\u2019administraci\u00f3 de finques \u00e9s una eina per a la confian\u00e7a i l\u2019harmonia. L\u2019enfocament sist\u00e8mic promou la creaci\u00f3 de canals de comunicaci\u00f3 oberts, efectius i transparents, on els propietaris se sentin escoltats i puguin expressar les seves inquietuds i rebre informaci\u00f3 clara i actualitzada sobre la gesti\u00f3 de la comunitat. Una bona comunicaci\u00f3 no nom\u00e9s evita malentesos, sin\u00f3 que tamb\u00e9 refor\u00e7a la confian\u00e7a entre els propietaris i l\u2019administrador.<\/p>\n\n\n\n<h3 class=\"wp-block-heading\"><span class=\"ez-toc-section\" id=\"5_Establiment_de_normes_que_fomentin_la_convivencia\"><\/span>5. Establiment de normes que fomentin la conviv\u00e8ncia<span class=\"ez-toc-section-end\"><\/span><\/h3>\n\n\n\n<p>Amb l\u2019enfocament sist\u00e8mic, les normes reglament\u00e0ries i els acords adoptats a les juntes de propietaris han de sorgir de la comprensi\u00f3 de les necessitats i desitjos de tots els membres de la comunitat. Aix\u00f2 significa que els reglaments i normes internes han de ser consensuats i dissenyats per afavorir el benestar com\u00fa, evitant imposar regles que generin malestar o resist\u00e8ncies.<\/p>\n\n\n\n<h3 class=\"wp-block-heading\"><span class=\"ez-toc-section\" id=\"6_Visio_compartida_i_projectes_comuns\"><\/span>6. Visi\u00f3 compartida i projectes comuns<span class=\"ez-toc-section-end\"><\/span><\/h3>\n\n\n\n<p>Una administraci\u00f3 de finques amb enfocament sist\u00e8mic busca que tots els propietaris que integren la finca o el conjunt immobiliari comparteixin una visi\u00f3 i un prop\u00f2sit com\u00fa per a la seva comunitat.<\/p>\n\n\n\n<p>Aix\u00f2 fomenta una major participaci\u00f3 en projectes de millora i el desenvolupament d\u2019un sentiment de pertinen\u00e7a. Quan els propietaris senten que formen part d\u2019una cosa m\u00e9s gran i que les seves opinions s\u00f3n valorades, el sentit de pertinen\u00e7a i l\u2019harmonia augmenten.<\/p>\n\n\n\n<p>Aix\u00f2 implica treballar en objectius comuns, com millorar les instal\u00b7lacions, crear espais sostenibles, refor\u00e7ar la seguretat o fomentar la participaci\u00f3 activa de tothom.<\/p>\n\n\n\n<h3 class=\"wp-block-heading\"><span class=\"ez-toc-section\" id=\"CONCLUSIO\"><\/span>CONCLUSI\u00d3<span class=\"ez-toc-section-end\"><\/span><\/h3>\n\n\n\n<p>Adoptar l\u2019enfocament sist\u00e8mic en l\u2019administraci\u00f3 de comunitats de propietaris permet una gesti\u00f3 m\u00e9s eficient, una conviv\u00e8ncia m\u00e9s harm\u00f2nica i crea les condicions necess\u00e0ries per fidelitzar la relaci\u00f3 professional entre les parts. Quan tots els propietaris comprenen que formen part d\u2019un sistema interconnectat, la comunitat es transforma en un espai on les relacions i la col\u00b7laboraci\u00f3 poden florir en benefici de tothom.<\/p>\n","protected":false},"excerpt":{"rendered":"<p>A les comunitats de propietaris, la conviv\u00e8ncia i el benestar dels propietaris que les integren depenen en bona mesura d\u2019una gesti\u00f3 eficient, equilibrada i transparent. Per als administradors de finques, aix\u00f2 suposa un gran repte, ja que sempre han de lidiar directament o indirectament amb els conflictes que es generen en el si de les [&hellip;]<\/p>\n","protected":false},"author":1,"featured_media":720,"comment_status":"closed","ping_status":"closed","sticky":false,"template":"","format":"standard","meta":{"_et_pb_use_builder":"off","_et_pb_old_content":"","_et_gb_content_width":"","footnotes":""},"categories":[23],"tags":[],"class_list":["post-723","post","type-post","status-publish","format-standard","has-post-thumbnail","hentry","category-dret-sistemic"],"yoast_head":"<!-- This site is optimized with the Yoast SEO plugin v27.4 - https:\/\/yoast.com\/product\/yoast-seo-wordpress\/ -->\n<title>L&#039;Enfocament Sist\u00e8mic en l&#039;administraci\u00f3 de finques com a vehicle de millora de gesti\u00f3 de les comunitats de propietaris - Soriano Advocats<\/title>\n<meta name=\"robots\" content=\"index, follow, max-snippet:-1, max-image-preview:large, max-video-preview:-1\" \/>\n<link rel=\"canonical\" href=\"https:\/\/sorianoadvocats.com\/ca\/lenfocament-sistemic-en-ladministracio-de-finques\/\" \/>\n<meta property=\"og:locale\" content=\"en_US\" \/>\n<meta property=\"og:type\" content=\"article\" \/>\n<meta property=\"og:title\" content=\"L&#039;Enfocament Sist\u00e8mic en l&#039;administraci\u00f3 de finques com a vehicle de millora de gesti\u00f3 de les comunitats de propietaris - Soriano Advocats\" \/>\n<meta property=\"og:description\" content=\"A les comunitats de propietaris, la conviv\u00e8ncia i el benestar dels propietaris que les integren depenen en bona mesura d\u2019una gesti\u00f3 eficient, equilibrada i transparent. Per als administradors de finques, aix\u00f2 suposa un gran repte, ja que sempre han de lidiar directament o indirectament amb els conflictes que es generen en el si de les [&hellip;]\" \/>\n<meta property=\"og:url\" content=\"https:\/\/sorianoadvocats.com\/ca\/lenfocament-sistemic-en-ladministracio-de-finques\/\" \/>\n<meta property=\"og:site_name\" content=\"Soriano Advocats\" \/>\n<meta property=\"article:publisher\" content=\"https:\/\/www.facebook.com\/sorianoadvocats\/\" \/>\n<meta property=\"article:author\" content=\"https:\/\/www.facebook.com\/sorianoadvocats\/\" \/>\n<meta property=\"article:published_time\" content=\"2024-12-05T16:30:59+00:00\" \/>\n<meta property=\"article:modified_time\" content=\"2025-02-27T16:37:04+00:00\" \/>\n<meta property=\"og:image\" content=\"https:\/\/sorianoadvocats.com\/wp-content\/uploads\/derecho-sistemico-soriano-advocats.jpg\" \/>\n\t<meta property=\"og:image:width\" content=\"850\" \/>\n\t<meta property=\"og:image:height\" content=\"478\" \/>\n\t<meta property=\"og:image:type\" content=\"image\/jpeg\" \/>\n<meta name=\"author\" content=\"Enric Soriano Ort\u00edn\" \/>\n<meta name=\"twitter:card\" content=\"summary_large_image\" \/>\n<meta name=\"twitter:label1\" content=\"Written by\" \/>\n\t<meta name=\"twitter:data1\" content=\"Enric Soriano Ort\u00edn\" \/>\n\t<meta name=\"twitter:label2\" content=\"Est. reading time\" \/>\n\t<meta name=\"twitter:data2\" content=\"5 minutes\" \/>\n<script type=\"application\/ld+json\" class=\"yoast-schema-graph\">{\"@context\":\"https:\\\/\\\/schema.org\",\"@graph\":[{\"@type\":\"Article\",\"@id\":\"https:\\\/\\\/sorianoadvocats.com\\\/ca\\\/lenfocament-sistemic-en-ladministracio-de-finques\\\/#article\",\"isPartOf\":{\"@id\":\"https:\\\/\\\/sorianoadvocats.com\\\/ca\\\/lenfocament-sistemic-en-ladministracio-de-finques\\\/\"},\"author\":{\"name\":\"Enric Soriano Ort\u00edn\",\"@id\":\"https:\\\/\\\/sorianoadvocats.com\\\/#\\\/schema\\\/person\\\/2dadefd44905451e646dd703d3df8b21\"},\"headline\":\"L&#8217;Enfocament Sist\u00e8mic en l&#8217;administraci\u00f3 de finques com a vehicle de millora de gesti\u00f3 de les comunitats de propietaris\",\"datePublished\":\"2024-12-05T16:30:59+00:00\",\"dateModified\":\"2025-02-27T16:37:04+00:00\",\"mainEntityOfPage\":{\"@id\":\"https:\\\/\\\/sorianoadvocats.com\\\/ca\\\/lenfocament-sistemic-en-ladministracio-de-finques\\\/\"},\"wordCount\":1117,\"image\":{\"@id\":\"https:\\\/\\\/sorianoadvocats.com\\\/ca\\\/lenfocament-sistemic-en-ladministracio-de-finques\\\/#primaryimage\"},\"thumbnailUrl\":\"https:\\\/\\\/sorianoadvocats.com\\\/wp-content\\\/uploads\\\/derecho-sistemico-soriano-advocats.jpg\",\"articleSection\":[\"Dret Sist\u00e8mic\"],\"inLanguage\":\"ca-CA\"},{\"@type\":\"WebPage\",\"@id\":\"https:\\\/\\\/sorianoadvocats.com\\\/ca\\\/lenfocament-sistemic-en-ladministracio-de-finques\\\/\",\"url\":\"https:\\\/\\\/sorianoadvocats.com\\\/ca\\\/lenfocament-sistemic-en-ladministracio-de-finques\\\/\",\"name\":\"L'Enfocament Sist\u00e8mic en l'administraci\u00f3 de finques com a vehicle de millora de gesti\u00f3 de les comunitats de propietaris - Soriano Advocats\",\"isPartOf\":{\"@id\":\"https:\\\/\\\/sorianoadvocats.com\\\/#website\"},\"primaryImageOfPage\":{\"@id\":\"https:\\\/\\\/sorianoadvocats.com\\\/ca\\\/lenfocament-sistemic-en-ladministracio-de-finques\\\/#primaryimage\"},\"image\":{\"@id\":\"https:\\\/\\\/sorianoadvocats.com\\\/ca\\\/lenfocament-sistemic-en-ladministracio-de-finques\\\/#primaryimage\"},\"thumbnailUrl\":\"https:\\\/\\\/sorianoadvocats.com\\\/wp-content\\\/uploads\\\/derecho-sistemico-soriano-advocats.jpg\",\"datePublished\":\"2024-12-05T16:30:59+00:00\",\"dateModified\":\"2025-02-27T16:37:04+00:00\",\"author\":{\"@id\":\"https:\\\/\\\/sorianoadvocats.com\\\/#\\\/schema\\\/person\\\/2dadefd44905451e646dd703d3df8b21\"},\"breadcrumb\":{\"@id\":\"https:\\\/\\\/sorianoadvocats.com\\\/ca\\\/lenfocament-sistemic-en-ladministracio-de-finques\\\/#breadcrumb\"},\"inLanguage\":\"ca-CA\",\"potentialAction\":[{\"@type\":\"ReadAction\",\"target\":[\"https:\\\/\\\/sorianoadvocats.com\\\/ca\\\/lenfocament-sistemic-en-ladministracio-de-finques\\\/\"]}]},{\"@type\":\"ImageObject\",\"inLanguage\":\"ca-CA\",\"@id\":\"https:\\\/\\\/sorianoadvocats.com\\\/ca\\\/lenfocament-sistemic-en-ladministracio-de-finques\\\/#primaryimage\",\"url\":\"https:\\\/\\\/sorianoadvocats.com\\\/wp-content\\\/uploads\\\/derecho-sistemico-soriano-advocats.jpg\",\"contentUrl\":\"https:\\\/\\\/sorianoadvocats.com\\\/wp-content\\\/uploads\\\/derecho-sistemico-soriano-advocats.jpg\",\"width\":850,\"height\":478},{\"@type\":\"BreadcrumbList\",\"@id\":\"https:\\\/\\\/sorianoadvocats.com\\\/ca\\\/lenfocament-sistemic-en-ladministracio-de-finques\\\/#breadcrumb\",\"itemListElement\":[{\"@type\":\"ListItem\",\"position\":1,\"name\":\"Portada\",\"item\":\"https:\\\/\\\/sorianoadvocats.com\\\/ca\\\/\"},{\"@type\":\"ListItem\",\"position\":2,\"name\":\"L&#8217;Enfocament Sist\u00e8mic en l&#8217;administraci\u00f3 de finques com a vehicle de millora de gesti\u00f3 de les comunitats de propietaris\"}]},{\"@type\":\"WebSite\",\"@id\":\"https:\\\/\\\/sorianoadvocats.com\\\/#website\",\"url\":\"https:\\\/\\\/sorianoadvocats.com\\\/\",\"name\":\"Soriano Advocats\",\"description\":\"Otro sitio realizado con WordPress\",\"potentialAction\":[{\"@type\":\"SearchAction\",\"target\":{\"@type\":\"EntryPoint\",\"urlTemplate\":\"https:\\\/\\\/sorianoadvocats.com\\\/?s={search_term_string}\"},\"query-input\":{\"@type\":\"PropertyValueSpecification\",\"valueRequired\":true,\"valueName\":\"search_term_string\"}}],\"inLanguage\":\"ca-CA\"},{\"@type\":\"Person\",\"@id\":\"https:\\\/\\\/sorianoadvocats.com\\\/#\\\/schema\\\/person\\\/2dadefd44905451e646dd703d3df8b21\",\"name\":\"Enric Soriano Ort\u00edn\",\"image\":{\"@type\":\"ImageObject\",\"inLanguage\":\"ca-CA\",\"@id\":\"https:\\\/\\\/secure.gravatar.com\\\/avatar\\\/aef86abf812645846e7e78f3258d7ea2d4e6e42d470aa2c868b79ba49f94b1e1?s=96&d=mm&r=g\",\"url\":\"https:\\\/\\\/secure.gravatar.com\\\/avatar\\\/aef86abf812645846e7e78f3258d7ea2d4e6e42d470aa2c868b79ba49f94b1e1?s=96&d=mm&r=g\",\"contentUrl\":\"https:\\\/\\\/secure.gravatar.com\\\/avatar\\\/aef86abf812645846e7e78f3258d7ea2d4e6e42d470aa2c868b79ba49f94b1e1?s=96&d=mm&r=g\",\"caption\":\"Enric Soriano Ort\u00edn\"},\"description\":\"Abogado colaborativo sist\u00e9mico, mediador y coach jur\u00eddico, con enfoque en el Derecho Sist\u00e9mico y la pr\u00e1ctica consciente de la abogac\u00eda. Consultor organizacional y terapeuta en constelaciones sist\u00e9micas y PNL, acompa\u00f1ando procesos de transformaci\u00f3n personal y profesional desde una mirada integral.\",\"sameAs\":[\"http:\\\/\\\/sorianoadvocats.com\",\"https:\\\/\\\/www.facebook.com\\\/sorianoadvocats\\\/\",\"https:\\\/\\\/www.instagram.com\\\/enric_soriano_i_ortin\\\/\",\"https:\\\/\\\/es.linkedin.com\\\/in\\\/enric-soriano-ort\u00edn-015a3147\"],\"url\":\"https:\\\/\\\/sorianoadvocats.com\\\/ca\\\/author\\\/wp_soriano\\\/\"}]}<\/script>\n<!-- \/ Yoast SEO plugin. -->","yoast_head_json":{"title":"L'Enfocament Sist\u00e8mic en l'administraci\u00f3 de finques com a vehicle de millora de gesti\u00f3 de les comunitats de propietaris - Soriano Advocats","robots":{"index":"index","follow":"follow","max-snippet":"max-snippet:-1","max-image-preview":"max-image-preview:large","max-video-preview":"max-video-preview:-1"},"canonical":"https:\/\/sorianoadvocats.com\/ca\/lenfocament-sistemic-en-ladministracio-de-finques\/","og_locale":"en_US","og_type":"article","og_title":"L'Enfocament Sist\u00e8mic en l'administraci\u00f3 de finques com a vehicle de millora de gesti\u00f3 de les comunitats de propietaris - Soriano Advocats","og_description":"A les comunitats de propietaris, la conviv\u00e8ncia i el benestar dels propietaris que les integren depenen en bona mesura d\u2019una gesti\u00f3 eficient, equilibrada i transparent. Per als administradors de finques, aix\u00f2 suposa un gran repte, ja que sempre han de lidiar directament o indirectament amb els conflictes que es generen en el si de les [&hellip;]","og_url":"https:\/\/sorianoadvocats.com\/ca\/lenfocament-sistemic-en-ladministracio-de-finques\/","og_site_name":"Soriano Advocats","article_publisher":"https:\/\/www.facebook.com\/sorianoadvocats\/","article_author":"https:\/\/www.facebook.com\/sorianoadvocats\/","article_published_time":"2024-12-05T16:30:59+00:00","article_modified_time":"2025-02-27T16:37:04+00:00","og_image":[{"width":850,"height":478,"url":"https:\/\/sorianoadvocats.com\/wp-content\/uploads\/derecho-sistemico-soriano-advocats.jpg","type":"image\/jpeg"}],"author":"Enric Soriano Ort\u00edn","twitter_card":"summary_large_image","twitter_misc":{"Written by":"Enric Soriano Ort\u00edn","Est. reading time":"5 minutes"},"schema":{"@context":"https:\/\/schema.org","@graph":[{"@type":"Article","@id":"https:\/\/sorianoadvocats.com\/ca\/lenfocament-sistemic-en-ladministracio-de-finques\/#article","isPartOf":{"@id":"https:\/\/sorianoadvocats.com\/ca\/lenfocament-sistemic-en-ladministracio-de-finques\/"},"author":{"name":"Enric Soriano Ort\u00edn","@id":"https:\/\/sorianoadvocats.com\/#\/schema\/person\/2dadefd44905451e646dd703d3df8b21"},"headline":"L&#8217;Enfocament Sist\u00e8mic en l&#8217;administraci\u00f3 de finques com a vehicle de millora de gesti\u00f3 de les comunitats de propietaris","datePublished":"2024-12-05T16:30:59+00:00","dateModified":"2025-02-27T16:37:04+00:00","mainEntityOfPage":{"@id":"https:\/\/sorianoadvocats.com\/ca\/lenfocament-sistemic-en-ladministracio-de-finques\/"},"wordCount":1117,"image":{"@id":"https:\/\/sorianoadvocats.com\/ca\/lenfocament-sistemic-en-ladministracio-de-finques\/#primaryimage"},"thumbnailUrl":"https:\/\/sorianoadvocats.com\/wp-content\/uploads\/derecho-sistemico-soriano-advocats.jpg","articleSection":["Dret Sist\u00e8mic"],"inLanguage":"ca-CA"},{"@type":"WebPage","@id":"https:\/\/sorianoadvocats.com\/ca\/lenfocament-sistemic-en-ladministracio-de-finques\/","url":"https:\/\/sorianoadvocats.com\/ca\/lenfocament-sistemic-en-ladministracio-de-finques\/","name":"L'Enfocament Sist\u00e8mic en l'administraci\u00f3 de finques com a vehicle de millora de gesti\u00f3 de les comunitats de propietaris - Soriano Advocats","isPartOf":{"@id":"https:\/\/sorianoadvocats.com\/#website"},"primaryImageOfPage":{"@id":"https:\/\/sorianoadvocats.com\/ca\/lenfocament-sistemic-en-ladministracio-de-finques\/#primaryimage"},"image":{"@id":"https:\/\/sorianoadvocats.com\/ca\/lenfocament-sistemic-en-ladministracio-de-finques\/#primaryimage"},"thumbnailUrl":"https:\/\/sorianoadvocats.com\/wp-content\/uploads\/derecho-sistemico-soriano-advocats.jpg","datePublished":"2024-12-05T16:30:59+00:00","dateModified":"2025-02-27T16:37:04+00:00","author":{"@id":"https:\/\/sorianoadvocats.com\/#\/schema\/person\/2dadefd44905451e646dd703d3df8b21"},"breadcrumb":{"@id":"https:\/\/sorianoadvocats.com\/ca\/lenfocament-sistemic-en-ladministracio-de-finques\/#breadcrumb"},"inLanguage":"ca-CA","potentialAction":[{"@type":"ReadAction","target":["https:\/\/sorianoadvocats.com\/ca\/lenfocament-sistemic-en-ladministracio-de-finques\/"]}]},{"@type":"ImageObject","inLanguage":"ca-CA","@id":"https:\/\/sorianoadvocats.com\/ca\/lenfocament-sistemic-en-ladministracio-de-finques\/#primaryimage","url":"https:\/\/sorianoadvocats.com\/wp-content\/uploads\/derecho-sistemico-soriano-advocats.jpg","contentUrl":"https:\/\/sorianoadvocats.com\/wp-content\/uploads\/derecho-sistemico-soriano-advocats.jpg","width":850,"height":478},{"@type":"BreadcrumbList","@id":"https:\/\/sorianoadvocats.com\/ca\/lenfocament-sistemic-en-ladministracio-de-finques\/#breadcrumb","itemListElement":[{"@type":"ListItem","position":1,"name":"Portada","item":"https:\/\/sorianoadvocats.com\/ca\/"},{"@type":"ListItem","position":2,"name":"L&#8217;Enfocament Sist\u00e8mic en l&#8217;administraci\u00f3 de finques com a vehicle de millora de gesti\u00f3 de les comunitats de propietaris"}]},{"@type":"WebSite","@id":"https:\/\/sorianoadvocats.com\/#website","url":"https:\/\/sorianoadvocats.com\/","name":"Soriano Advocats","description":"Otro sitio realizado con WordPress","potentialAction":[{"@type":"SearchAction","target":{"@type":"EntryPoint","urlTemplate":"https:\/\/sorianoadvocats.com\/?s={search_term_string}"},"query-input":{"@type":"PropertyValueSpecification","valueRequired":true,"valueName":"search_term_string"}}],"inLanguage":"ca-CA"},{"@type":"Person","@id":"https:\/\/sorianoadvocats.com\/#\/schema\/person\/2dadefd44905451e646dd703d3df8b21","name":"Enric Soriano Ort\u00edn","image":{"@type":"ImageObject","inLanguage":"ca-CA","@id":"https:\/\/secure.gravatar.com\/avatar\/aef86abf812645846e7e78f3258d7ea2d4e6e42d470aa2c868b79ba49f94b1e1?s=96&d=mm&r=g","url":"https:\/\/secure.gravatar.com\/avatar\/aef86abf812645846e7e78f3258d7ea2d4e6e42d470aa2c868b79ba49f94b1e1?s=96&d=mm&r=g","contentUrl":"https:\/\/secure.gravatar.com\/avatar\/aef86abf812645846e7e78f3258d7ea2d4e6e42d470aa2c868b79ba49f94b1e1?s=96&d=mm&r=g","caption":"Enric Soriano Ort\u00edn"},"description":"Abogado colaborativo sist\u00e9mico, mediador y coach jur\u00eddico, con enfoque en el Derecho Sist\u00e9mico y la pr\u00e1ctica consciente de la abogac\u00eda. Consultor organizacional y terapeuta en constelaciones sist\u00e9micas y PNL, acompa\u00f1ando procesos de transformaci\u00f3n personal y profesional desde una mirada integral.","sameAs":["http:\/\/sorianoadvocats.com","https:\/\/www.facebook.com\/sorianoadvocats\/","https:\/\/www.instagram.com\/enric_soriano_i_ortin\/","https:\/\/es.linkedin.com\/in\/enric-soriano-ort\u00edn-015a3147"],"url":"https:\/\/sorianoadvocats.com\/ca\/author\/wp_soriano\/"}]}},"_links":{"self":[{"href":"https:\/\/sorianoadvocats.com\/ca\/wp-json\/wp\/v2\/posts\/723","targetHints":{"allow":["GET"]}}],"collection":[{"href":"https:\/\/sorianoadvocats.com\/ca\/wp-json\/wp\/v2\/posts"}],"about":[{"href":"https:\/\/sorianoadvocats.com\/ca\/wp-json\/wp\/v2\/types\/post"}],"author":[{"embeddable":true,"href":"https:\/\/sorianoadvocats.com\/ca\/wp-json\/wp\/v2\/users\/1"}],"replies":[{"embeddable":true,"href":"https:\/\/sorianoadvocats.com\/ca\/wp-json\/wp\/v2\/comments?post=723"}],"version-history":[{"count":1,"href":"https:\/\/sorianoadvocats.com\/ca\/wp-json\/wp\/v2\/posts\/723\/revisions"}],"predecessor-version":[{"id":724,"href":"https:\/\/sorianoadvocats.com\/ca\/wp-json\/wp\/v2\/posts\/723\/revisions\/724"}],"wp:featuredmedia":[{"embeddable":true,"href":"https:\/\/sorianoadvocats.com\/ca\/wp-json\/wp\/v2\/media\/720"}],"wp:attachment":[{"href":"https:\/\/sorianoadvocats.com\/ca\/wp-json\/wp\/v2\/media?parent=723"}],"wp:term":[{"taxonomy":"category","embeddable":true,"href":"https:\/\/sorianoadvocats.com\/ca\/wp-json\/wp\/v2\/categories?post=723"},{"taxonomy":"post_tag","embeddable":true,"href":"https:\/\/sorianoadvocats.com\/ca\/wp-json\/wp\/v2\/tags?post=723"}],"curies":[{"name":"wp","href":"https:\/\/api.w.org\/{rel}","templated":true}]}}