{"id":716,"date":"2024-11-06T16:23:58","date_gmt":"2024-11-06T16:23:58","guid":{"rendered":"https:\/\/sorianoadvocats.com\/?p=716"},"modified":"2025-02-27T16:37:15","modified_gmt":"2025-02-27T16:37:15","slug":"aplicant-lenfocament-sistemic","status":"publish","type":"post","link":"https:\/\/sorianoadvocats.com\/ca\/aplicant-lenfocament-sistemic\/","title":{"rendered":"Aplicant l&#8217;Enfocament Sist\u00e8mic als Col\u00b7legis d&#8217;Advocats: estrat\u00e8gies per a una gesti\u00f3 integral i col\u00b7laborativa"},"content":{"rendered":"\n<p>Els Col\u00b7legis d\u2019Advocats no nom\u00e9s s\u00f3n institucions de regulaci\u00f3 professional, sin\u00f3 tamb\u00e9 espais de trobada, col\u00b7laboraci\u00f3 i creixement per al desenvolupament de la professi\u00f3. En ells convergeixen interessos individuals, objectius col\u00b7lectius i responsabilitats cap a la societat. D\u2019aqu\u00ed la conveni\u00e8ncia d\u2019aplicar un enfocament sist\u00e8mic en aquestes corporacions, amb la finalitat de gestionar efica\u00e7ment aquestes complexes interrelacions, promovent un ambient en qu\u00e8 cada membre se senti valorat i contribueixi al desenvolupament col\u00b7lectiu.<\/p>\n\n\n\n<p>En alguns aspectes, ja sigui de manera conscient o fins i tot, en ocasions, inconscientment, ja s\u2019estan duent a terme accions tendents a aplicar principis sist\u00e8mics en el desenvolupament de la gesti\u00f3 corporativa dels col\u00b7legis d\u2019advocats. No est\u00e0 de m\u00e9s, tanmateix, recordar alguns dels pilars sobre els quals assentar la pr\u00e0ctica d\u2019aquesta particular visi\u00f3:<\/p>\n\n\n\n<div id=\"ez-toc-container\" class=\"ez-toc-v2_0_82_2 counter-hierarchy ez-toc-counter ez-toc-grey ez-toc-container-direction\">\n<div class=\"ez-toc-title-container\">\n<p class=\"ez-toc-title\" style=\"cursor:inherit\">\u00cdndice de contenidos<\/p>\n<span class=\"ez-toc-title-toggle\"><a href=\"#\" class=\"ez-toc-pull-right ez-toc-btn ez-toc-btn-xs ez-toc-btn-default ez-toc-toggle\" aria-label=\"Toggle Table of Content\"><span class=\"ez-toc-js-icon-con\"><span class=\"\"><span class=\"eztoc-hide\" style=\"display:none;\">Toggle<\/span><span class=\"ez-toc-icon-toggle-span\"><svg style=\"fill: #999;color:#999\" xmlns=\"http:\/\/www.w3.org\/2000\/svg\" class=\"list-377408\" width=\"20px\" height=\"20px\" viewBox=\"0 0 24 24\" fill=\"none\"><path d=\"M6 6H4v2h2V6zm14 0H8v2h12V6zM4 11h2v2H4v-2zm16 0H8v2h12v-2zM4 16h2v2H4v-2zm16 0H8v2h12v-2z\" fill=\"currentColor\"><\/path><\/svg><svg style=\"fill: #999;color:#999\" class=\"arrow-unsorted-368013\" xmlns=\"http:\/\/www.w3.org\/2000\/svg\" width=\"10px\" height=\"10px\" viewBox=\"0 0 24 24\" version=\"1.2\" baseProfile=\"tiny\"><path d=\"M18.2 9.3l-6.2-6.3-6.2 6.3c-.2.2-.3.4-.3.7s.1.5.3.7c.2.2.4.3.7.3h11c.3 0 .5-.1.7-.3.2-.2.3-.5.3-.7s-.1-.5-.3-.7zM5.8 14.7l6.2 6.3 6.2-6.3c.2-.2.3-.5.3-.7s-.1-.5-.3-.7c-.2-.2-.4-.3-.7-.3h-11c-.3 0-.5.1-.7.3-.2.2-.3.5-.3.7s.1.5.3.7z\"\/><\/svg><\/span><\/span><\/span><\/a><\/span><\/div>\n<nav><ul class='ez-toc-list ez-toc-list-level-1 ' ><li class='ez-toc-page-1 ez-toc-heading-level-3'><a class=\"ez-toc-link ez-toc-heading-1\" href=\"https:\/\/sorianoadvocats.com\/ca\/aplicant-lenfocament-sistemic\/#a_Comprendre_el_Col%C2%B7legi_dAdvocats_com_un_sistema_interdependent\" >a) Comprendre el Col\u00b7legi d\u2019Advocats com un sistema interdependent<\/a><\/li><li class='ez-toc-page-1 ez-toc-heading-level-3'><a class=\"ez-toc-link ez-toc-heading-2\" href=\"https:\/\/sorianoadvocats.com\/ca\/aplicant-lenfocament-sistemic\/#b_Rols_i_responsabilitats_clares\" >b) Rols i responsabilitats clares<\/a><\/li><li class='ez-toc-page-1 ez-toc-heading-level-3'><a class=\"ez-toc-link ez-toc-heading-3\" href=\"https:\/\/sorianoadvocats.com\/ca\/aplicant-lenfocament-sistemic\/#c_Fomentar_la_comunicacio_i_la_transparencia_a_nivell_intern\" >c) Fomentar la comunicaci\u00f3 i la transpar\u00e8ncia a nivell intern<\/a><\/li><li class='ez-toc-page-1 ez-toc-heading-level-3'><a class=\"ez-toc-link ez-toc-heading-4\" href=\"https:\/\/sorianoadvocats.com\/ca\/aplicant-lenfocament-sistemic\/#d_Resolucio_de_conflictes_des_de_larrel\" >d) Resoluci\u00f3 de conflictes des de l\u2019arrel<\/a><\/li><li class='ez-toc-page-1 ez-toc-heading-level-3'><a class=\"ez-toc-link ez-toc-heading-5\" href=\"https:\/\/sorianoadvocats.com\/ca\/aplicant-lenfocament-sistemic\/#e_La_deontologia_professional_com_a_reflex_dels_valors_sistemics_de_la_corporacio\" >e) La deontologia professional com a reflex dels valors sist\u00e8mics de la corporaci\u00f3<\/a><\/li><li class='ez-toc-page-1 ez-toc-heading-level-3'><a class=\"ez-toc-link ez-toc-heading-6\" href=\"https:\/\/sorianoadvocats.com\/ca\/aplicant-lenfocament-sistemic\/#f_Cultura_de_la_col%C2%B7laboracio_i_de_laprenentatge_compartit\" >f) Cultura de la col\u00b7laboraci\u00f3 i de l\u2019aprenentatge compartit<\/a><\/li><li class='ez-toc-page-1 ez-toc-heading-level-3'><a class=\"ez-toc-link ez-toc-heading-7\" href=\"https:\/\/sorianoadvocats.com\/ca\/aplicant-lenfocament-sistemic\/#g_Visio_compartida_i_valors_comuns\" >g) Visi\u00f3 compartida i valors comuns<\/a><\/li><li class='ez-toc-page-1 ez-toc-heading-level-3'><a class=\"ez-toc-link ez-toc-heading-8\" href=\"https:\/\/sorianoadvocats.com\/ca\/aplicant-lenfocament-sistemic\/#h_Equilibri_entre_necessitats_individuals_i_col%C2%B7lectives\" >h) Equilibri entre necessitats individuals i col\u00b7lectives<\/a><\/li><\/ul><\/nav><\/div>\n<h3 class=\"wp-block-heading\"><span class=\"ez-toc-section\" id=\"a_Comprendre_el_Col%C2%B7legi_dAdvocats_com_un_sistema_interdependent\"><\/span>a) Comprendre el Col\u00b7legi d\u2019Advocats com un sistema interdependent<span class=\"ez-toc-section-end\"><\/span><\/h3>\n\n\n\n<p>Des d\u2019un enfocament sist\u00e8mic, els col\u00b7legis d\u2019advocats es veuen com a sistemes on cada membre \u2013 advocats, diputats, degans, juntes de govern, seccions, comissions, comit\u00e8s i \u00e0rees administratives \u2013 forma part d\u2019un conjunt interrelacionat. Cada decisi\u00f3 o acci\u00f3 afecta el sistema en la seva totalitat. Aquest enteniment permet que les estrat\u00e8gies i normatives internes es dissenyin tenint en compte l\u2019impacte global, fomentant una cultura de col\u00b7laboraci\u00f3 i responsabilitat compartida.<\/p>\n\n\n\n<h3 class=\"wp-block-heading\"><span class=\"ez-toc-section\" id=\"b_Rols_i_responsabilitats_clares\"><\/span>b) Rols i responsabilitats clares<span class=\"ez-toc-section-end\"><\/span><\/h3>\n\n\n\n<p>En els col\u00b7legis d\u2019advocats, \u00e9s com\u00fa que cada integrant ocupi diferents rols: col\u00b7legiat, membre de la junta de govern, membre de comissi\u00f3, etc. Des de la visi\u00f3 sist\u00e8mica, \u00e9s fonamental que aquests rols estiguin clarament definits i respectats, evitant la superposici\u00f3 de funcions i la confusi\u00f3. Aix\u00f2 permet a cada membre actuar amb autonomia i responsabilitat, mantenint l\u2019equilibri entre interessos individuals i el b\u00e9 com\u00fa.<\/p>\n\n\n\n<h3 class=\"wp-block-heading\"><span class=\"ez-toc-section\" id=\"c_Fomentar_la_comunicacio_i_la_transparencia_a_nivell_intern\"><\/span>c) Fomentar la comunicaci\u00f3 i la transpar\u00e8ncia a nivell intern<span class=\"ez-toc-section-end\"><\/span><\/h3>\n\n\n\n<p>La comunicaci\u00f3 efectiva \u00e9s clau per al funcionament de qualsevol sistema, i els col\u00b7legis d\u2019advocats no en s\u00f3n una excepci\u00f3. Un enfocament sist\u00e8mic busca establir canals de comunicaci\u00f3 oberts i transparents, la qual cosa implica des d\u2019informes clars i actualitzacions freq\u00fcents sobre les activitats del col\u00b7legi, fins a espais de participaci\u00f3 en qu\u00e8 els membres puguin expressar les seves idees i preocupacions. La transpar\u00e8ncia no nom\u00e9s enforteix la confian\u00e7a, sin\u00f3 que tamb\u00e9 genera un sentiment de pertinen\u00e7a i comprom\u00eds.<\/p>\n\n\n\n<h3 class=\"wp-block-heading\"><span class=\"ez-toc-section\" id=\"d_Resolucio_de_conflictes_des_de_larrel\"><\/span>d) Resoluci\u00f3 de conflictes des de l\u2019arrel<span class=\"ez-toc-section-end\"><\/span><\/h3>\n\n\n\n<p>Les difer\u00e8ncies d\u2019opinions i enfocaments s\u00f3n inevitables, per\u00f2 la visi\u00f3 sist\u00e8mica permet abordar-les de manera integral, atenent les causes subjacents en lloc de limitar-se a solucions superficials. La mediaci\u00f3 i el di\u00e0leg respectu\u00f3s s\u00f3n eines essencials en aquesta gesti\u00f3, permetent que els conflictes es resolguin de manera que benefici\u00efn tots els implicats i mantinguin l\u2019harmonia del sistema.<\/p>\n\n\n\n<h3 class=\"wp-block-heading\"><span class=\"ez-toc-section\" id=\"e_La_deontologia_professional_com_a_reflex_dels_valors_sistemics_de_la_corporacio\"><\/span>e) La deontologia professional com a reflex dels valors sist\u00e8mics de la corporaci\u00f3<span class=\"ez-toc-section-end\"><\/span><\/h3>\n\n\n\n<p>Dins de l\u2019enfocament sist\u00e8mic en els col\u00b7legis d\u2019advocats, la deontologia professional ocupa un lloc central, ja que l\u2019\u00e8tica i els valors s\u00f3n els pilars que sostenen la integritat i credibilitat de tota la professi\u00f3. La deontologia no \u00e9s \u00fanicament un conjunt de normes reguladores de la professi\u00f3, sin\u00f3 que tamb\u00e9 \u00e9s una guia de conducta que regeix les accions de cada advocat i, en conseq\u00fc\u00e8ncia, el funcionament i reputaci\u00f3 del col\u00b7legi com un tot. Aplicar una visi\u00f3 sist\u00e8mica en relaci\u00f3 amb l\u2019\u00e8tica professional permet comprendre que cada membre contribueix al prestigi col\u00b7lectiu i que qualsevol actuaci\u00f3 individual repercuteix en la percepci\u00f3 del sistema complet.<\/p>\n\n\n\n<p>En l\u2019enfocament sist\u00e8mic, la deontologia professional ha d\u2019estar profundament integrada en la cultura corporativa. Aix\u00f2 implica recordar que existeixen aquestes normes de conducta i tamb\u00e9 suposa crear una cultura \u00e8tica, on cada advocat comprengui l\u2019impacte de les seves decisions en el benestar col\u00b7lectiu i en la confian\u00e7a que la societat diposita en la professi\u00f3. Aix\u00f2 s\u2019aconsegueix a trav\u00e9s de programes de formaci\u00f3 cont\u00ednua, tallers d\u2019\u00e8tica professional i f\u00f2rums de discussi\u00f3 que permetin analitzar dilemes \u00e8tics en un entorn segur.<\/p>\n\n\n\n<h3 class=\"wp-block-heading\"><span class=\"ez-toc-section\" id=\"f_Cultura_de_la_col%C2%B7laboracio_i_de_laprenentatge_compartit\"><\/span>f) Cultura de la col\u00b7laboraci\u00f3 i de l\u2019aprenentatge compartit<span class=\"ez-toc-section-end\"><\/span><\/h3>\n\n\n\n<p>Els col\u00b7legis d\u2019advocats s\u00f3n centres d\u2019aprenentatge i actualitzaci\u00f3 cont\u00ednua. Amb un enfocament sist\u00e8mic, es poden organitzar espais de col\u00b7laboraci\u00f3 en qu\u00e8 els advocats intercanvi\u00efn coneixements i experi\u00e8ncies. Aix\u00f2 no nom\u00e9s fomenta el creixement professional, sin\u00f3 que tamb\u00e9 contribueix a una xarxa de suport on els membres s\u2019enriqueixen m\u00fatuament, enfortint el sistema en el seu conjunt.<\/p>\n\n\n\n<h3 class=\"wp-block-heading\"><span class=\"ez-toc-section\" id=\"g_Visio_compartida_i_valors_comuns\"><\/span>g) Visi\u00f3 compartida i valors comuns<span class=\"ez-toc-section-end\"><\/span><\/h3>\n\n\n\n<p>Un col\u00b7legi d\u2019advocats no nom\u00e9s regula i organitza; tamb\u00e9 representa una missi\u00f3 i uns valors cap a la societat. La visi\u00f3 sist\u00e8mica impulsa els col\u00b7legis a definir i transmetre clarament una visi\u00f3 compartida, que aline\u00ef els objectius de tots els membres al voltant d\u2019una causa comuna, com la defensa de la just\u00edcia, l\u2019\u00e8tica professional o l\u2019acc\u00e9s a la just\u00edcia. Aix\u00f2 enforteix la identitat del col\u00b7legi i refor\u00e7a el comprom\u00eds dels seus membres.<\/p>\n\n\n\n<h3 class=\"wp-block-heading\"><span class=\"ez-toc-section\" id=\"h_Equilibri_entre_necessitats_individuals_i_col%C2%B7lectives\"><\/span>h) Equilibri entre necessitats individuals i col\u00b7lectives<span class=\"ez-toc-section-end\"><\/span><\/h3>\n\n\n\n<p>Cada advocat t\u00e9 necessitats i aspiracions individuals, per\u00f2 tamb\u00e9 forma part d\u2019un sistema que ha de vetllar per l\u2019inter\u00e8s col\u00b7lectiu. Aix\u00f2 implica decisions equitatives i justes que respectin tant els drets individuals com els objectius comuns del col\u00b7legi, creant un entorn d\u2019equitat i pertinen\u00e7a.<\/p>\n\n\n\n<p><strong>CONCLUSI\u00d3:<\/strong> Aplicar l\u2019enfocament sist\u00e8mic en la gesti\u00f3 dels col\u00b7legis d\u2019advocats permet construir una instituci\u00f3 eficient, cohesionada i humana. En veure cada element del col\u00b7legi com a part d\u2019un sistema interdependent, s\u2019aconsegueix una administraci\u00f3 que potencia el desenvolupament de cada membre i l\u2019impacte del col\u00b7legi en la societat. Perqu\u00e8 el veritable \u00e8xit d\u2019un col\u00b7legi d\u2019advocats no est\u00e0 nom\u00e9s en la seva gesti\u00f3 interna, sin\u00f3 en la col\u00b7laboraci\u00f3 i el comprom\u00eds cap a un prop\u00f2sit com\u00fa.<\/p>\n","protected":false},"excerpt":{"rendered":"<p>Els Col\u00b7legis d\u2019Advocats no nom\u00e9s s\u00f3n institucions de regulaci\u00f3 professional, sin\u00f3 tamb\u00e9 espais de trobada, col\u00b7laboraci\u00f3 i creixement per al desenvolupament de la professi\u00f3. En ells convergeixen interessos individuals, objectius col\u00b7lectius i responsabilitats cap a la societat. D\u2019aqu\u00ed la conveni\u00e8ncia d\u2019aplicar un enfocament sist\u00e8mic en aquestes corporacions, amb la finalitat de gestionar efica\u00e7ment aquestes complexes [&hellip;]<\/p>\n","protected":false},"author":1,"featured_media":714,"comment_status":"closed","ping_status":"closed","sticky":false,"template":"","format":"standard","meta":{"_et_pb_use_builder":"off","_et_pb_old_content":"","_et_gb_content_width":"","footnotes":""},"categories":[23],"tags":[],"class_list":["post-716","post","type-post","status-publish","format-standard","has-post-thumbnail","hentry","category-dret-sistemic"],"yoast_head":"<!-- This site is optimized with the Yoast SEO plugin v27.4 - https:\/\/yoast.com\/product\/yoast-seo-wordpress\/ -->\n<title>Aplicant l&#039;Enfocament Sist\u00e8mic als Col\u00b7legis d&#039;Advocats: estrat\u00e8gies per a una gesti\u00f3 integral i col\u00b7laborativa - Soriano Advocats<\/title>\n<meta name=\"robots\" content=\"index, follow, max-snippet:-1, max-image-preview:large, max-video-preview:-1\" \/>\n<link rel=\"canonical\" href=\"https:\/\/sorianoadvocats.com\/ca\/aplicant-lenfocament-sistemic\/\" \/>\n<meta property=\"og:locale\" content=\"en_US\" \/>\n<meta property=\"og:type\" content=\"article\" \/>\n<meta property=\"og:title\" content=\"Aplicant l&#039;Enfocament Sist\u00e8mic als Col\u00b7legis d&#039;Advocats: estrat\u00e8gies per a una gesti\u00f3 integral i col\u00b7laborativa - Soriano Advocats\" \/>\n<meta property=\"og:description\" content=\"Els Col\u00b7legis d\u2019Advocats no nom\u00e9s s\u00f3n institucions de regulaci\u00f3 professional, sin\u00f3 tamb\u00e9 espais de trobada, col\u00b7laboraci\u00f3 i creixement per al desenvolupament de la professi\u00f3. En ells convergeixen interessos individuals, objectius col\u00b7lectius i responsabilitats cap a la societat. D\u2019aqu\u00ed la conveni\u00e8ncia d\u2019aplicar un enfocament sist\u00e8mic en aquestes corporacions, amb la finalitat de gestionar efica\u00e7ment aquestes complexes [&hellip;]\" \/>\n<meta property=\"og:url\" content=\"https:\/\/sorianoadvocats.com\/ca\/aplicant-lenfocament-sistemic\/\" \/>\n<meta property=\"og:site_name\" content=\"Soriano Advocats\" \/>\n<meta property=\"article:publisher\" content=\"https:\/\/www.facebook.com\/sorianoadvocats\/\" \/>\n<meta property=\"article:author\" content=\"https:\/\/www.facebook.com\/sorianoadvocats\/\" \/>\n<meta property=\"article:published_time\" content=\"2024-11-06T16:23:58+00:00\" \/>\n<meta property=\"article:modified_time\" content=\"2025-02-27T16:37:15+00:00\" \/>\n<meta property=\"og:image\" content=\"https:\/\/sorianoadvocats.com\/wp-content\/uploads\/derecho-sistemico-3.jpg\" \/>\n\t<meta property=\"og:image:width\" content=\"711\" \/>\n\t<meta property=\"og:image:height\" content=\"399\" \/>\n\t<meta property=\"og:image:type\" content=\"image\/jpeg\" \/>\n<meta name=\"author\" content=\"Enric Soriano Ort\u00edn\" \/>\n<meta name=\"twitter:card\" content=\"summary_large_image\" \/>\n<meta name=\"twitter:label1\" content=\"Written by\" \/>\n\t<meta name=\"twitter:data1\" content=\"Enric Soriano Ort\u00edn\" \/>\n\t<meta name=\"twitter:label2\" content=\"Est. reading time\" \/>\n\t<meta name=\"twitter:data2\" content=\"5 minutes\" \/>\n<script type=\"application\/ld+json\" class=\"yoast-schema-graph\">{\"@context\":\"https:\\\/\\\/schema.org\",\"@graph\":[{\"@type\":\"Article\",\"@id\":\"https:\\\/\\\/sorianoadvocats.com\\\/ca\\\/aplicant-lenfocament-sistemic\\\/#article\",\"isPartOf\":{\"@id\":\"https:\\\/\\\/sorianoadvocats.com\\\/ca\\\/aplicant-lenfocament-sistemic\\\/\"},\"author\":{\"name\":\"Enric Soriano Ort\u00edn\",\"@id\":\"https:\\\/\\\/sorianoadvocats.com\\\/#\\\/schema\\\/person\\\/2dadefd44905451e646dd703d3df8b21\"},\"headline\":\"Aplicant l&#8217;Enfocament Sist\u00e8mic als Col\u00b7legis d&#8217;Advocats: estrat\u00e8gies per a una gesti\u00f3 integral i col\u00b7laborativa\",\"datePublished\":\"2024-11-06T16:23:58+00:00\",\"dateModified\":\"2025-02-27T16:37:15+00:00\",\"mainEntityOfPage\":{\"@id\":\"https:\\\/\\\/sorianoadvocats.com\\\/ca\\\/aplicant-lenfocament-sistemic\\\/\"},\"wordCount\":1040,\"image\":{\"@id\":\"https:\\\/\\\/sorianoadvocats.com\\\/ca\\\/aplicant-lenfocament-sistemic\\\/#primaryimage\"},\"thumbnailUrl\":\"https:\\\/\\\/sorianoadvocats.com\\\/wp-content\\\/uploads\\\/derecho-sistemico-3.jpg\",\"articleSection\":[\"Dret Sist\u00e8mic\"],\"inLanguage\":\"ca-CA\"},{\"@type\":\"WebPage\",\"@id\":\"https:\\\/\\\/sorianoadvocats.com\\\/ca\\\/aplicant-lenfocament-sistemic\\\/\",\"url\":\"https:\\\/\\\/sorianoadvocats.com\\\/ca\\\/aplicant-lenfocament-sistemic\\\/\",\"name\":\"Aplicant l'Enfocament Sist\u00e8mic als Col\u00b7legis d'Advocats: estrat\u00e8gies per a una gesti\u00f3 integral i col\u00b7laborativa - Soriano Advocats\",\"isPartOf\":{\"@id\":\"https:\\\/\\\/sorianoadvocats.com\\\/#website\"},\"primaryImageOfPage\":{\"@id\":\"https:\\\/\\\/sorianoadvocats.com\\\/ca\\\/aplicant-lenfocament-sistemic\\\/#primaryimage\"},\"image\":{\"@id\":\"https:\\\/\\\/sorianoadvocats.com\\\/ca\\\/aplicant-lenfocament-sistemic\\\/#primaryimage\"},\"thumbnailUrl\":\"https:\\\/\\\/sorianoadvocats.com\\\/wp-content\\\/uploads\\\/derecho-sistemico-3.jpg\",\"datePublished\":\"2024-11-06T16:23:58+00:00\",\"dateModified\":\"2025-02-27T16:37:15+00:00\",\"author\":{\"@id\":\"https:\\\/\\\/sorianoadvocats.com\\\/#\\\/schema\\\/person\\\/2dadefd44905451e646dd703d3df8b21\"},\"breadcrumb\":{\"@id\":\"https:\\\/\\\/sorianoadvocats.com\\\/ca\\\/aplicant-lenfocament-sistemic\\\/#breadcrumb\"},\"inLanguage\":\"ca-CA\",\"potentialAction\":[{\"@type\":\"ReadAction\",\"target\":[\"https:\\\/\\\/sorianoadvocats.com\\\/ca\\\/aplicant-lenfocament-sistemic\\\/\"]}]},{\"@type\":\"ImageObject\",\"inLanguage\":\"ca-CA\",\"@id\":\"https:\\\/\\\/sorianoadvocats.com\\\/ca\\\/aplicant-lenfocament-sistemic\\\/#primaryimage\",\"url\":\"https:\\\/\\\/sorianoadvocats.com\\\/wp-content\\\/uploads\\\/derecho-sistemico-3.jpg\",\"contentUrl\":\"https:\\\/\\\/sorianoadvocats.com\\\/wp-content\\\/uploads\\\/derecho-sistemico-3.jpg\",\"width\":711,\"height\":399,\"caption\":\"blog de asesor\u00eda legal en Barcelona | Consejos y noticias | Soriano Advocats\"},{\"@type\":\"BreadcrumbList\",\"@id\":\"https:\\\/\\\/sorianoadvocats.com\\\/ca\\\/aplicant-lenfocament-sistemic\\\/#breadcrumb\",\"itemListElement\":[{\"@type\":\"ListItem\",\"position\":1,\"name\":\"Portada\",\"item\":\"https:\\\/\\\/sorianoadvocats.com\\\/ca\\\/\"},{\"@type\":\"ListItem\",\"position\":2,\"name\":\"Aplicant l&#8217;Enfocament Sist\u00e8mic als Col\u00b7legis d&#8217;Advocats: estrat\u00e8gies per a una gesti\u00f3 integral i col\u00b7laborativa\"}]},{\"@type\":\"WebSite\",\"@id\":\"https:\\\/\\\/sorianoadvocats.com\\\/#website\",\"url\":\"https:\\\/\\\/sorianoadvocats.com\\\/\",\"name\":\"Soriano Advocats\",\"description\":\"Otro sitio realizado con WordPress\",\"potentialAction\":[{\"@type\":\"SearchAction\",\"target\":{\"@type\":\"EntryPoint\",\"urlTemplate\":\"https:\\\/\\\/sorianoadvocats.com\\\/?s={search_term_string}\"},\"query-input\":{\"@type\":\"PropertyValueSpecification\",\"valueRequired\":true,\"valueName\":\"search_term_string\"}}],\"inLanguage\":\"ca-CA\"},{\"@type\":\"Person\",\"@id\":\"https:\\\/\\\/sorianoadvocats.com\\\/#\\\/schema\\\/person\\\/2dadefd44905451e646dd703d3df8b21\",\"name\":\"Enric Soriano Ort\u00edn\",\"image\":{\"@type\":\"ImageObject\",\"inLanguage\":\"ca-CA\",\"@id\":\"https:\\\/\\\/secure.gravatar.com\\\/avatar\\\/aef86abf812645846e7e78f3258d7ea2d4e6e42d470aa2c868b79ba49f94b1e1?s=96&d=mm&r=g\",\"url\":\"https:\\\/\\\/secure.gravatar.com\\\/avatar\\\/aef86abf812645846e7e78f3258d7ea2d4e6e42d470aa2c868b79ba49f94b1e1?s=96&d=mm&r=g\",\"contentUrl\":\"https:\\\/\\\/secure.gravatar.com\\\/avatar\\\/aef86abf812645846e7e78f3258d7ea2d4e6e42d470aa2c868b79ba49f94b1e1?s=96&d=mm&r=g\",\"caption\":\"Enric Soriano Ort\u00edn\"},\"description\":\"Abogado colaborativo sist\u00e9mico, mediador y coach jur\u00eddico, con enfoque en el Derecho Sist\u00e9mico y la pr\u00e1ctica consciente de la abogac\u00eda. Consultor organizacional y terapeuta en constelaciones sist\u00e9micas y PNL, acompa\u00f1ando procesos de transformaci\u00f3n personal y profesional desde una mirada integral.\",\"sameAs\":[\"http:\\\/\\\/sorianoadvocats.com\",\"https:\\\/\\\/www.facebook.com\\\/sorianoadvocats\\\/\",\"https:\\\/\\\/www.instagram.com\\\/enric_soriano_i_ortin\\\/\",\"https:\\\/\\\/es.linkedin.com\\\/in\\\/enric-soriano-ort\u00edn-015a3147\"],\"url\":\"https:\\\/\\\/sorianoadvocats.com\\\/ca\\\/author\\\/wp_soriano\\\/\"}]}<\/script>\n<!-- \/ Yoast SEO plugin. -->","yoast_head_json":{"title":"Aplicant l'Enfocament Sist\u00e8mic als Col\u00b7legis d'Advocats: estrat\u00e8gies per a una gesti\u00f3 integral i col\u00b7laborativa - Soriano Advocats","robots":{"index":"index","follow":"follow","max-snippet":"max-snippet:-1","max-image-preview":"max-image-preview:large","max-video-preview":"max-video-preview:-1"},"canonical":"https:\/\/sorianoadvocats.com\/ca\/aplicant-lenfocament-sistemic\/","og_locale":"en_US","og_type":"article","og_title":"Aplicant l'Enfocament Sist\u00e8mic als Col\u00b7legis d'Advocats: estrat\u00e8gies per a una gesti\u00f3 integral i col\u00b7laborativa - Soriano Advocats","og_description":"Els Col\u00b7legis d\u2019Advocats no nom\u00e9s s\u00f3n institucions de regulaci\u00f3 professional, sin\u00f3 tamb\u00e9 espais de trobada, col\u00b7laboraci\u00f3 i creixement per al desenvolupament de la professi\u00f3. En ells convergeixen interessos individuals, objectius col\u00b7lectius i responsabilitats cap a la societat. D\u2019aqu\u00ed la conveni\u00e8ncia d\u2019aplicar un enfocament sist\u00e8mic en aquestes corporacions, amb la finalitat de gestionar efica\u00e7ment aquestes complexes [&hellip;]","og_url":"https:\/\/sorianoadvocats.com\/ca\/aplicant-lenfocament-sistemic\/","og_site_name":"Soriano Advocats","article_publisher":"https:\/\/www.facebook.com\/sorianoadvocats\/","article_author":"https:\/\/www.facebook.com\/sorianoadvocats\/","article_published_time":"2024-11-06T16:23:58+00:00","article_modified_time":"2025-02-27T16:37:15+00:00","og_image":[{"width":711,"height":399,"url":"https:\/\/sorianoadvocats.com\/wp-content\/uploads\/derecho-sistemico-3.jpg","type":"image\/jpeg"}],"author":"Enric Soriano Ort\u00edn","twitter_card":"summary_large_image","twitter_misc":{"Written by":"Enric Soriano Ort\u00edn","Est. reading time":"5 minutes"},"schema":{"@context":"https:\/\/schema.org","@graph":[{"@type":"Article","@id":"https:\/\/sorianoadvocats.com\/ca\/aplicant-lenfocament-sistemic\/#article","isPartOf":{"@id":"https:\/\/sorianoadvocats.com\/ca\/aplicant-lenfocament-sistemic\/"},"author":{"name":"Enric Soriano Ort\u00edn","@id":"https:\/\/sorianoadvocats.com\/#\/schema\/person\/2dadefd44905451e646dd703d3df8b21"},"headline":"Aplicant l&#8217;Enfocament Sist\u00e8mic als Col\u00b7legis d&#8217;Advocats: estrat\u00e8gies per a una gesti\u00f3 integral i col\u00b7laborativa","datePublished":"2024-11-06T16:23:58+00:00","dateModified":"2025-02-27T16:37:15+00:00","mainEntityOfPage":{"@id":"https:\/\/sorianoadvocats.com\/ca\/aplicant-lenfocament-sistemic\/"},"wordCount":1040,"image":{"@id":"https:\/\/sorianoadvocats.com\/ca\/aplicant-lenfocament-sistemic\/#primaryimage"},"thumbnailUrl":"https:\/\/sorianoadvocats.com\/wp-content\/uploads\/derecho-sistemico-3.jpg","articleSection":["Dret Sist\u00e8mic"],"inLanguage":"ca-CA"},{"@type":"WebPage","@id":"https:\/\/sorianoadvocats.com\/ca\/aplicant-lenfocament-sistemic\/","url":"https:\/\/sorianoadvocats.com\/ca\/aplicant-lenfocament-sistemic\/","name":"Aplicant l'Enfocament Sist\u00e8mic als Col\u00b7legis d'Advocats: estrat\u00e8gies per a una gesti\u00f3 integral i col\u00b7laborativa - Soriano Advocats","isPartOf":{"@id":"https:\/\/sorianoadvocats.com\/#website"},"primaryImageOfPage":{"@id":"https:\/\/sorianoadvocats.com\/ca\/aplicant-lenfocament-sistemic\/#primaryimage"},"image":{"@id":"https:\/\/sorianoadvocats.com\/ca\/aplicant-lenfocament-sistemic\/#primaryimage"},"thumbnailUrl":"https:\/\/sorianoadvocats.com\/wp-content\/uploads\/derecho-sistemico-3.jpg","datePublished":"2024-11-06T16:23:58+00:00","dateModified":"2025-02-27T16:37:15+00:00","author":{"@id":"https:\/\/sorianoadvocats.com\/#\/schema\/person\/2dadefd44905451e646dd703d3df8b21"},"breadcrumb":{"@id":"https:\/\/sorianoadvocats.com\/ca\/aplicant-lenfocament-sistemic\/#breadcrumb"},"inLanguage":"ca-CA","potentialAction":[{"@type":"ReadAction","target":["https:\/\/sorianoadvocats.com\/ca\/aplicant-lenfocament-sistemic\/"]}]},{"@type":"ImageObject","inLanguage":"ca-CA","@id":"https:\/\/sorianoadvocats.com\/ca\/aplicant-lenfocament-sistemic\/#primaryimage","url":"https:\/\/sorianoadvocats.com\/wp-content\/uploads\/derecho-sistemico-3.jpg","contentUrl":"https:\/\/sorianoadvocats.com\/wp-content\/uploads\/derecho-sistemico-3.jpg","width":711,"height":399,"caption":"blog de asesor\u00eda legal en Barcelona | Consejos y noticias | Soriano Advocats"},{"@type":"BreadcrumbList","@id":"https:\/\/sorianoadvocats.com\/ca\/aplicant-lenfocament-sistemic\/#breadcrumb","itemListElement":[{"@type":"ListItem","position":1,"name":"Portada","item":"https:\/\/sorianoadvocats.com\/ca\/"},{"@type":"ListItem","position":2,"name":"Aplicant l&#8217;Enfocament Sist\u00e8mic als Col\u00b7legis d&#8217;Advocats: estrat\u00e8gies per a una gesti\u00f3 integral i col\u00b7laborativa"}]},{"@type":"WebSite","@id":"https:\/\/sorianoadvocats.com\/#website","url":"https:\/\/sorianoadvocats.com\/","name":"Soriano Advocats","description":"Otro sitio realizado con WordPress","potentialAction":[{"@type":"SearchAction","target":{"@type":"EntryPoint","urlTemplate":"https:\/\/sorianoadvocats.com\/?s={search_term_string}"},"query-input":{"@type":"PropertyValueSpecification","valueRequired":true,"valueName":"search_term_string"}}],"inLanguage":"ca-CA"},{"@type":"Person","@id":"https:\/\/sorianoadvocats.com\/#\/schema\/person\/2dadefd44905451e646dd703d3df8b21","name":"Enric Soriano Ort\u00edn","image":{"@type":"ImageObject","inLanguage":"ca-CA","@id":"https:\/\/secure.gravatar.com\/avatar\/aef86abf812645846e7e78f3258d7ea2d4e6e42d470aa2c868b79ba49f94b1e1?s=96&d=mm&r=g","url":"https:\/\/secure.gravatar.com\/avatar\/aef86abf812645846e7e78f3258d7ea2d4e6e42d470aa2c868b79ba49f94b1e1?s=96&d=mm&r=g","contentUrl":"https:\/\/secure.gravatar.com\/avatar\/aef86abf812645846e7e78f3258d7ea2d4e6e42d470aa2c868b79ba49f94b1e1?s=96&d=mm&r=g","caption":"Enric Soriano Ort\u00edn"},"description":"Abogado colaborativo sist\u00e9mico, mediador y coach jur\u00eddico, con enfoque en el Derecho Sist\u00e9mico y la pr\u00e1ctica consciente de la abogac\u00eda. Consultor organizacional y terapeuta en constelaciones sist\u00e9micas y PNL, acompa\u00f1ando procesos de transformaci\u00f3n personal y profesional desde una mirada integral.","sameAs":["http:\/\/sorianoadvocats.com","https:\/\/www.facebook.com\/sorianoadvocats\/","https:\/\/www.instagram.com\/enric_soriano_i_ortin\/","https:\/\/es.linkedin.com\/in\/enric-soriano-ort\u00edn-015a3147"],"url":"https:\/\/sorianoadvocats.com\/ca\/author\/wp_soriano\/"}]}},"_links":{"self":[{"href":"https:\/\/sorianoadvocats.com\/ca\/wp-json\/wp\/v2\/posts\/716","targetHints":{"allow":["GET"]}}],"collection":[{"href":"https:\/\/sorianoadvocats.com\/ca\/wp-json\/wp\/v2\/posts"}],"about":[{"href":"https:\/\/sorianoadvocats.com\/ca\/wp-json\/wp\/v2\/types\/post"}],"author":[{"embeddable":true,"href":"https:\/\/sorianoadvocats.com\/ca\/wp-json\/wp\/v2\/users\/1"}],"replies":[{"embeddable":true,"href":"https:\/\/sorianoadvocats.com\/ca\/wp-json\/wp\/v2\/comments?post=716"}],"version-history":[{"count":1,"href":"https:\/\/sorianoadvocats.com\/ca\/wp-json\/wp\/v2\/posts\/716\/revisions"}],"predecessor-version":[{"id":717,"href":"https:\/\/sorianoadvocats.com\/ca\/wp-json\/wp\/v2\/posts\/716\/revisions\/717"}],"wp:featuredmedia":[{"embeddable":true,"href":"https:\/\/sorianoadvocats.com\/ca\/wp-json\/wp\/v2\/media\/714"}],"wp:attachment":[{"href":"https:\/\/sorianoadvocats.com\/ca\/wp-json\/wp\/v2\/media?parent=716"}],"wp:term":[{"taxonomy":"category","embeddable":true,"href":"https:\/\/sorianoadvocats.com\/ca\/wp-json\/wp\/v2\/categories?post=716"},{"taxonomy":"post_tag","embeddable":true,"href":"https:\/\/sorianoadvocats.com\/ca\/wp-json\/wp\/v2\/tags?post=716"}],"curies":[{"name":"wp","href":"https:\/\/api.w.org\/{rel}","templated":true}]}}