{"id":564,"date":"2024-03-15T10:51:01","date_gmt":"2024-03-15T10:51:01","guid":{"rendered":"https:\/\/sorianoadvocats.com\/sense-categoritzar\/limparable-canvi-de-paradigma-a-la-justicia-des-duna-visio-sistemica\/"},"modified":"2024-03-15T13:48:17","modified_gmt":"2024-03-15T13:48:17","slug":"limparable-canvi-de-paradigma-a-la-justicia-des-duna-visio-sistemica","status":"publish","type":"post","link":"https:\/\/sorianoadvocats.com\/ca\/limparable-canvi-de-paradigma-a-la-justicia-des-duna-visio-sistemica\/","title":{"rendered":"L&#8217;imparable canvi de paradigma a la just\u00edcia des d&#8217;una visi\u00f3 sist\u00e8mica"},"content":{"rendered":"\n<div id=\"ez-toc-container\" class=\"ez-toc-v2_0_82_2 counter-hierarchy ez-toc-counter ez-toc-grey ez-toc-container-direction\">\n<div class=\"ez-toc-title-container\">\n<p class=\"ez-toc-title\" style=\"cursor:inherit\">\u00cdndice de contenidos<\/p>\n<span class=\"ez-toc-title-toggle\"><a href=\"#\" class=\"ez-toc-pull-right ez-toc-btn ez-toc-btn-xs ez-toc-btn-default ez-toc-toggle\" aria-label=\"Toggle Table of Content\"><span class=\"ez-toc-js-icon-con\"><span class=\"\"><span class=\"eztoc-hide\" style=\"display:none;\">Toggle<\/span><span class=\"ez-toc-icon-toggle-span\"><svg style=\"fill: #999;color:#999\" xmlns=\"http:\/\/www.w3.org\/2000\/svg\" class=\"list-377408\" width=\"20px\" height=\"20px\" viewBox=\"0 0 24 24\" fill=\"none\"><path d=\"M6 6H4v2h2V6zm14 0H8v2h12V6zM4 11h2v2H4v-2zm16 0H8v2h12v-2zM4 16h2v2H4v-2zm16 0H8v2h12v-2z\" fill=\"currentColor\"><\/path><\/svg><svg style=\"fill: #999;color:#999\" class=\"arrow-unsorted-368013\" xmlns=\"http:\/\/www.w3.org\/2000\/svg\" width=\"10px\" height=\"10px\" viewBox=\"0 0 24 24\" version=\"1.2\" baseProfile=\"tiny\"><path d=\"M18.2 9.3l-6.2-6.3-6.2 6.3c-.2.2-.3.4-.3.7s.1.5.3.7c.2.2.4.3.7.3h11c.3 0 .5-.1.7-.3.2-.2.3-.5.3-.7s-.1-.5-.3-.7zM5.8 14.7l6.2 6.3 6.2-6.3c.2-.2.3-.5.3-.7s-.1-.5-.3-.7c-.2-.2-.4-.3-.7-.3h-11c-.3 0-.5.1-.7.3-.2.2-.3.5-.3.7s.1.5.3.7z\"\/><\/svg><\/span><\/span><\/span><\/a><\/span><\/div>\n<nav><ul class='ez-toc-list ez-toc-list-level-1 ' ><li class='ez-toc-page-1 ez-toc-heading-level-2'><a class=\"ez-toc-link ez-toc-heading-1\" href=\"https:\/\/sorianoadvocats.com\/ca\/limparable-canvi-de-paradigma-a-la-justicia-des-duna-visio-sistemica\/#El_canvi_i_les_resistencies\" >El canvi i les resist\u00e8ncies<\/a><\/li><li class='ez-toc-page-1 ez-toc-heading-level-2'><a class=\"ez-toc-link ez-toc-heading-2\" href=\"https:\/\/sorianoadvocats.com\/ca\/limparable-canvi-de-paradigma-a-la-justicia-des-duna-visio-sistemica\/#Una_mirada_sistemica_del_sistema_judicial\" >Una mirada sist\u00e8mica del sistema judicial<\/a><\/li><li class='ez-toc-page-1 ez-toc-heading-level-2'><a class=\"ez-toc-link ez-toc-heading-3\" href=\"https:\/\/sorianoadvocats.com\/ca\/limparable-canvi-de-paradigma-a-la-justicia-des-duna-visio-sistemica\/#El_cami_del_canvi_de_paradigma\" >El cam\u00ed del canvi de paradigma<\/a><\/li><li class='ez-toc-page-1 ez-toc-heading-level-2'><a class=\"ez-toc-link ez-toc-heading-4\" href=\"https:\/\/sorianoadvocats.com\/ca\/limparable-canvi-de-paradigma-a-la-justicia-des-duna-visio-sistemica\/#Fer_el_pas_sense_deixar_de_pertanyer\" >Fer el pas sense deixar de pert\u00e0nyer<\/a><\/li><\/ul><\/nav><\/div>\n<h2 class=\"wp-block-heading\"><span class=\"ez-toc-section\" id=\"El_canvi_i_les_resistencies\"><\/span><strong>El canvi i les resist\u00e8ncies<\/strong><span class=\"ez-toc-section-end\"><\/span><\/h2>\n\n<p>Cal comprendre que, tard o d&#8217;hora, en qualsevol \u00e0mbit de relacions humanes, els canvis esdevenen, succeeixen, es produeixen, i aix\u00f2 malgrat qualsevol resist\u00e8ncia que, de fet, limita el desenvolupament i l&#8217;evoluci\u00f3 de tot sistema social.<\/p>\n\n<p>\u00c9s evident que res no roman, que tot es troba en constant canvi, i aix\u00f2 implica la necessitat de prendre consci\u00e8ncia que cal sortir de les idees de control de la situaci\u00f3, que tot \u00e9s lineal i que tot canvi pot ser domat per les creences i ideals que han sostingut un determinat <em>status quo.<\/em><\/p>\n\n<p>Afirmacions com \u201c<em>Aix\u00f2 sempre s&#8217;ha fet aix\u00ed\u201d, \u201cLes coses s\u00f3n \/es fan aix\u00ed\u201d, \u201c\u00c9s el costum fer-ho aix\u00ed\u201d<\/em> i qualsevol altra de similar, s\u00f3n resist\u00e8ncies salvables des d&#8217;una mirada sist\u00e8mica del canvi, des d&#8217;una visi\u00f3 comprensiva i d&#8217;acceptaci\u00f3, fins i tot d&#8217;agra\u00efment, per\u00f2 que alhora ha d&#8217;anar acompanyada d&#8217;un moviment disruptiu, d&#8217;una acci\u00f3, per aconseguir una evoluci\u00f3.<\/p>\n\n<p>Aquestes resist\u00e8ncies s\u00f3n actituds de lleialtat inconscient als sistemes a qu\u00e8 pertanyem: per continuar-hi pertanyent ens resistim a acollir els canvis que suposen una alteraci\u00f3 de les creences i valors en el marc dels quals sobreviuen. Adoptem actituds i maneres d&#8217;interactuar fidels al sistema, per tal d&#8217;aconseguir-ne l&#8217;aprovaci\u00f3, la qual cosa garanteix seguir-hi: repetici\u00f3 de conductes o patrons, costums, h\u00e0bits, propensi\u00f3 a malalties, ruptures de parelles, fracassos empresarials, dificultats en el treball; en definitiva, en qualsevol aspecte de les nostres vides.<\/p>\n\n<p><\/p>\n\n<h2 class=\"wp-block-heading\"><span class=\"ez-toc-section\" id=\"Una_mirada_sistemica_del_sistema_judicial\"><\/span><strong>Una mirada sist\u00e8mica del sistema judicial<\/strong><span class=\"ez-toc-section-end\"><\/span><\/h2>\n\n<p>Per impartir just\u00edcia, la societat ha estat dotada de sistemes espec\u00edfics. En l&#8217;\u00e0mbit jur\u00eddic, ens trobem amb tot un conjunt de persones i organismes que configuren un sistema determinat, el sistema judicial, dotat de creences, valors, normes i estructures organitzatives en virtut de tot aix\u00f2 opera i es desenvolupa. Aix\u00ed, Jutges, Magistrats, Advocats, Procuradors i, en definitiva, juristes de tota mena, aix\u00ed com professionals afins (funcionaris, forenses, personal d&#8217;institucions penitenci\u00e0ries\u2026) i fins i tot els seus \u00f2rgans de gesti\u00f3 i govern (Col\u00b7legis d&#8217;Advocats, Consell General del Poder Judicial, Tribunals\u2026) configuren aquest sistema social i per continuar pertanyent cal ser-hi lleials.<\/p>\n\n<p>La visi\u00f3 sist\u00e8mica aplicada a l&#8217;\u00e0mbit jur\u00eddic implica el reconeixement d&#8217;aquest sistema tal com ha evolucionat i desenvolupat a cada moment, aix\u00ed com del seu paper en l&#8217;aplicaci\u00f3 de la just\u00edcia. Per\u00f2, de la mateixa manera, tamb\u00e9 suposa un acte de reciprocitat per part dels seus integrants, \u00e9s a dir, vol dir tamb\u00e9 una obertura al canvi, una disposici\u00f3 a explorar nous camins per equilibrar justament un conflicte legal.<\/p>\n\n<p>I aix\u00f2 es correspon amb l&#8217;adaptaci\u00f3 al canvi a qu\u00e8 m&#8217;he referit inicialment. Estem immersos ja en un canvi de paradigma en la resoluci\u00f3 dels conflictes, malgrat les resist\u00e8ncies, tot i &#8220;l&#8217;<em>establishment&#8221;.<\/em> Per a una evoluci\u00f3 del sistema d&#8217;implantaci\u00f3 de just\u00edcia i, en definitiva, de resoluci\u00f3 de conflictes, \u00e9s imprescindible que els operadors jur\u00eddics prenguin consci\u00e8ncia de la necessitat de canvi en la mirada del conflicte, contribuint aix\u00ed a complir el seu deure de conduir a les parts en conflicte a la pau i la reconciliaci\u00f3, de manera harm\u00f2nica i amorosa.<\/p>\n\n<p><\/p>\n\n<h2 class=\"wp-block-heading\"><span class=\"ez-toc-section\" id=\"El_cami_del_canvi_de_paradigma\"><\/span><strong>El cam\u00ed del canvi de paradigma<\/strong><span class=\"ez-toc-section-end\"><\/span><\/h2>\n\n<p>La possibilitat de canvi \u00e9s dins del propi sistema, dep\u00e8n de la postura dels seus integrants i de les din\u00e0miques que adoptin en la gesti\u00f3 dels conflictes. Aquesta postura consisteix a deixar de donar for\u00e7a a les resist\u00e8ncies, simplement reconeixent-les, assumint-ne l&#8217;exist\u00e8ncia, conferint-los el valor i el respecte que mereixen i aprovant-les per sostenir una necessitat que l&#8217;entorn social ha requerit en cada moment vital. <\/p>\n\n<p>Aquesta acceptaci\u00f3 \u00e9s el que d\u00f3na la for\u00e7a i l&#8217;impuls per fer el primer pas cap a un possible canvi. A partir d&#8217;aqu\u00ed, cal reflexionar sobre diferents q\u00fcestions:<\/p>\n\n<ul class=\"wp-block-list\">\n<li>Per qu\u00e8 mantenir-se en una mateixa din\u00e0mica conductual quan all\u00f2 que ens mostra la vida ens impulsa a un altre model d&#8217;actuaci\u00f3? Dit altrament: per qu\u00e8 seguir acudint al model tradicional d&#8217;impartir just\u00edcia quan aquest ens mostra la seva incapacitat de solucionar la veritable arrel subjacent del conflicte? Realment una resoluci\u00f3 judicial soluciona un conflicte?<\/li>\n<\/ul>\n\n<ul class=\"wp-block-list\">\n<li>A qui o a qu\u00e8 estem sent lleials mantenint-nos en una mateixa din\u00e0mica d&#8217;actuaci\u00f3 i ens impedeix avan\u00e7ar com a sistema i com a societat?<\/li>\n<\/ul>\n\n<ul class=\"wp-block-list\">\n<li>\u00bfPotser som capa\u00e7os de prendre consci\u00e8ncia i percebre que alguna cosa ens impulsa a fer les coses de manera diferent com a manera d&#8217;estar en pau amb nosaltres mateixos i com una aportaci\u00f3 a una societat millor?<\/li>\n<\/ul>\n\n<p>Reflexionar sobre aquestes preguntes i respondre-les ens posa en el cam\u00ed del canvi, ja que alguna cosa es mou al nostre interior que fa sorgir un pensament, una emoci\u00f3, una necessitat d&#8217;actuar i de posar-nos en marxa cap a altres senders m\u00e9s lleugers. Possiblement, hi hagi reminisc\u00e8ncies de patiment i dolor, o fins i tot aflorin pors i temors, ja que tot canvi important implica deixar enrere molt esfor\u00e7, temps i sacrifici i, sobretot, ser deslleial al sistema. Per\u00f2 cal confiar en all\u00f2 que la vida ens demana a crits.<\/p>\n\n<p>Es tracta, en definitiva, d&#8217;assumir la responsabilitat del que Bert Hellinger va conceptuar com la mala consci\u00e8ncia, \u00e9s a dir, ser conscient que som \u201cculpables\u201d de ser diferents i fer les coses de manera diferent de com es feien.<\/p>\n\n<p><\/p>\n\n<h2 class=\"wp-block-heading\"><span class=\"ez-toc-section\" id=\"Fer_el_pas_sense_deixar_de_pertanyer\"><\/span><strong>Fer el pas sense deixar de pert\u00e0nyer<\/strong><span class=\"ez-toc-section-end\"><\/span><\/h2>\n\n<p>Els advocats i jutges, principalment, som els cridats a fer aquest pas necessari per deixar enrere la manera tradicional de resoldre conflictes i als qui ho van fer aix\u00ed, honrant-los i deixant les seves vides amb ells i prenent les regnes de les nostres pr\u00f2pies.<\/p>\n\n<p>En qualsevol cas, sempre pertanyerem al sistema, sempre serem un dels seus integrants, encara que fem les coses diferents; no millor, sin\u00f3 en sintonia i harmonia amb all\u00f2 que el canvi comporta, amb el canvi permanent de tot el que \u00e9s. <\/p>\n\n<p><\/p>\n\n<p>Enric Soriano i Ort\u00edn<\/p>\n\n<p>Advocat sist\u00e8mic<\/p>\n","protected":false},"excerpt":{"rendered":"<p>El canvi i les resist\u00e8ncies Cal comprendre que, tard o d&#8217;hora, en qualsevol \u00e0mbit de relacions humanes, els canvis esdevenen, succeeixen, es produeixen, i aix\u00f2 malgrat qualsevol resist\u00e8ncia que, de fet, limita el desenvolupament i l&#8217;evoluci\u00f3 de tot sistema social. \u00c9s evident que res no roman, que tot es troba en constant canvi, i aix\u00f2 [&hellip;]<\/p>\n","protected":false},"author":1,"featured_media":571,"comment_status":"closed","ping_status":"closed","sticky":false,"template":"","format":"standard","meta":{"_et_pb_use_builder":"off","_et_pb_old_content":"","_et_gb_content_width":"","footnotes":""},"categories":[23],"tags":[32,24],"class_list":["post-564","post","type-post","status-publish","format-standard","has-post-thumbnail","hentry","category-dret-sistemic","tag-canvi-paradigma","tag-dret-sistemic"],"yoast_head":"<!-- This site is optimized with the Yoast SEO plugin v27.4 - https:\/\/yoast.com\/product\/yoast-seo-wordpress\/ -->\n<title>Canvi de paradigma a la just\u00edcia: Una visi\u00f3 sist\u00e8mica - Soriano Advocats<\/title>\n<meta name=\"description\" content=\"Explora el canvi de paradigma a la just\u00edcia i com una visi\u00f3 sist\u00e8mica pot revolucionar la resoluci\u00f3 de conflictes.\" \/>\n<meta name=\"robots\" content=\"index, follow, max-snippet:-1, max-image-preview:large, max-video-preview:-1\" \/>\n<link rel=\"canonical\" href=\"https:\/\/sorianoadvocats.com\/el-imparable-cambio-de-paradigma-en-la-justicia-desde-una-vision-sistemica\/\" \/>\n<meta property=\"og:locale\" content=\"en_US\" \/>\n<meta property=\"og:type\" content=\"article\" \/>\n<meta property=\"og:title\" content=\"Canvi de paradigma a la just\u00edcia: Una visi\u00f3 sist\u00e8mica - Soriano Advocats\" \/>\n<meta property=\"og:description\" content=\"Explora el canvi de paradigma a la just\u00edcia i com una visi\u00f3 sist\u00e8mica pot revolucionar la resoluci\u00f3 de conflictes.\" \/>\n<meta property=\"og:url\" content=\"https:\/\/sorianoadvocats.com\/el-imparable-cambio-de-paradigma-en-la-justicia-desde-una-vision-sistemica\/\" \/>\n<meta property=\"og:site_name\" content=\"Soriano Advocats\" \/>\n<meta property=\"article:publisher\" content=\"https:\/\/www.facebook.com\/sorianoadvocats\/\" \/>\n<meta property=\"article:author\" content=\"https:\/\/www.facebook.com\/sorianoadvocats\/\" \/>\n<meta property=\"article:published_time\" content=\"2024-03-15T10:51:01+00:00\" \/>\n<meta property=\"article:modified_time\" content=\"2024-03-15T13:48:17+00:00\" \/>\n<meta property=\"og:image\" content=\"https:\/\/sorianoadvocats.com\/wp-content\/uploads\/abogado_sistemico.jpg\" \/>\n\t<meta property=\"og:image:width\" content=\"1920\" \/>\n\t<meta property=\"og:image:height\" content=\"1282\" \/>\n\t<meta property=\"og:image:type\" content=\"image\/jpeg\" \/>\n<meta name=\"author\" content=\"Enric Soriano Ort\u00edn\" \/>\n<meta name=\"twitter:card\" content=\"summary_large_image\" \/>\n<meta name=\"twitter:label1\" content=\"Written by\" \/>\n\t<meta name=\"twitter:data1\" content=\"Enric Soriano Ort\u00edn\" \/>\n\t<meta name=\"twitter:label2\" content=\"Est. reading time\" \/>\n\t<meta name=\"twitter:data2\" content=\"5 minutes\" \/>\n<script type=\"application\/ld+json\" class=\"yoast-schema-graph\">{\"@context\":\"https:\\\/\\\/schema.org\",\"@graph\":[{\"@type\":\"Article\",\"@id\":\"https:\\\/\\\/sorianoadvocats.com\\\/el-imparable-cambio-de-paradigma-en-la-justicia-desde-una-vision-sistemica\\\/#article\",\"isPartOf\":{\"@id\":\"https:\\\/\\\/sorianoadvocats.com\\\/el-imparable-cambio-de-paradigma-en-la-justicia-desde-una-vision-sistemica\\\/\"},\"author\":{\"name\":\"Enric Soriano Ort\u00edn\",\"@id\":\"https:\\\/\\\/sorianoadvocats.com\\\/#\\\/schema\\\/person\\\/2dadefd44905451e646dd703d3df8b21\"},\"headline\":\"L&#8217;imparable canvi de paradigma a la just\u00edcia des d&#8217;una visi\u00f3 sist\u00e8mica\",\"datePublished\":\"2024-03-15T10:51:01+00:00\",\"dateModified\":\"2024-03-15T13:48:17+00:00\",\"mainEntityOfPage\":{\"@id\":\"https:\\\/\\\/sorianoadvocats.com\\\/el-imparable-cambio-de-paradigma-en-la-justicia-desde-una-vision-sistemica\\\/\"},\"wordCount\":1037,\"image\":{\"@id\":\"https:\\\/\\\/sorianoadvocats.com\\\/el-imparable-cambio-de-paradigma-en-la-justicia-desde-una-vision-sistemica\\\/#primaryimage\"},\"thumbnailUrl\":\"https:\\\/\\\/sorianoadvocats.com\\\/wp-content\\\/uploads\\\/abogado_sistemico.jpg\",\"keywords\":[\"canvi paradigma\",\"dret sist\u00e8mic\"],\"articleSection\":[\"Dret Sist\u00e8mic\"],\"inLanguage\":\"ca-CA\"},{\"@type\":\"WebPage\",\"@id\":\"https:\\\/\\\/sorianoadvocats.com\\\/el-imparable-cambio-de-paradigma-en-la-justicia-desde-una-vision-sistemica\\\/\",\"url\":\"https:\\\/\\\/sorianoadvocats.com\\\/el-imparable-cambio-de-paradigma-en-la-justicia-desde-una-vision-sistemica\\\/\",\"name\":\"Canvi de paradigma a la just\u00edcia: Una visi\u00f3 sist\u00e8mica - Soriano Advocats\",\"isPartOf\":{\"@id\":\"https:\\\/\\\/sorianoadvocats.com\\\/#website\"},\"primaryImageOfPage\":{\"@id\":\"https:\\\/\\\/sorianoadvocats.com\\\/el-imparable-cambio-de-paradigma-en-la-justicia-desde-una-vision-sistemica\\\/#primaryimage\"},\"image\":{\"@id\":\"https:\\\/\\\/sorianoadvocats.com\\\/el-imparable-cambio-de-paradigma-en-la-justicia-desde-una-vision-sistemica\\\/#primaryimage\"},\"thumbnailUrl\":\"https:\\\/\\\/sorianoadvocats.com\\\/wp-content\\\/uploads\\\/abogado_sistemico.jpg\",\"datePublished\":\"2024-03-15T10:51:01+00:00\",\"dateModified\":\"2024-03-15T13:48:17+00:00\",\"author\":{\"@id\":\"https:\\\/\\\/sorianoadvocats.com\\\/#\\\/schema\\\/person\\\/2dadefd44905451e646dd703d3df8b21\"},\"description\":\"Explora el canvi de paradigma a la just\u00edcia i com una visi\u00f3 sist\u00e8mica pot revolucionar la resoluci\u00f3 de conflictes.\",\"breadcrumb\":{\"@id\":\"https:\\\/\\\/sorianoadvocats.com\\\/el-imparable-cambio-de-paradigma-en-la-justicia-desde-una-vision-sistemica\\\/#breadcrumb\"},\"inLanguage\":\"ca-CA\",\"potentialAction\":[{\"@type\":\"ReadAction\",\"target\":[\"https:\\\/\\\/sorianoadvocats.com\\\/el-imparable-cambio-de-paradigma-en-la-justicia-desde-una-vision-sistemica\\\/\"]}]},{\"@type\":\"ImageObject\",\"inLanguage\":\"ca-CA\",\"@id\":\"https:\\\/\\\/sorianoadvocats.com\\\/el-imparable-cambio-de-paradigma-en-la-justicia-desde-una-vision-sistemica\\\/#primaryimage\",\"url\":\"https:\\\/\\\/sorianoadvocats.com\\\/wp-content\\\/uploads\\\/abogado_sistemico.jpg\",\"contentUrl\":\"https:\\\/\\\/sorianoadvocats.com\\\/wp-content\\\/uploads\\\/abogado_sistemico.jpg\",\"width\":1920,\"height\":1282,\"caption\":\"Abogado sist\u00e9mico\"},{\"@type\":\"BreadcrumbList\",\"@id\":\"https:\\\/\\\/sorianoadvocats.com\\\/el-imparable-cambio-de-paradigma-en-la-justicia-desde-una-vision-sistemica\\\/#breadcrumb\",\"itemListElement\":[{\"@type\":\"ListItem\",\"position\":1,\"name\":\"Portada\",\"item\":\"https:\\\/\\\/sorianoadvocats.com\\\/ca\\\/\"},{\"@type\":\"ListItem\",\"position\":2,\"name\":\"L&#8217;imparable canvi de paradigma a la just\u00edcia des d&#8217;una visi\u00f3 sist\u00e8mica\"}]},{\"@type\":\"WebSite\",\"@id\":\"https:\\\/\\\/sorianoadvocats.com\\\/#website\",\"url\":\"https:\\\/\\\/sorianoadvocats.com\\\/\",\"name\":\"Soriano Advocats\",\"description\":\"Otro sitio realizado con WordPress\",\"potentialAction\":[{\"@type\":\"SearchAction\",\"target\":{\"@type\":\"EntryPoint\",\"urlTemplate\":\"https:\\\/\\\/sorianoadvocats.com\\\/?s={search_term_string}\"},\"query-input\":{\"@type\":\"PropertyValueSpecification\",\"valueRequired\":true,\"valueName\":\"search_term_string\"}}],\"inLanguage\":\"ca-CA\"},{\"@type\":\"Person\",\"@id\":\"https:\\\/\\\/sorianoadvocats.com\\\/#\\\/schema\\\/person\\\/2dadefd44905451e646dd703d3df8b21\",\"name\":\"Enric Soriano Ort\u00edn\",\"image\":{\"@type\":\"ImageObject\",\"inLanguage\":\"ca-CA\",\"@id\":\"https:\\\/\\\/secure.gravatar.com\\\/avatar\\\/aef86abf812645846e7e78f3258d7ea2d4e6e42d470aa2c868b79ba49f94b1e1?s=96&d=mm&r=g\",\"url\":\"https:\\\/\\\/secure.gravatar.com\\\/avatar\\\/aef86abf812645846e7e78f3258d7ea2d4e6e42d470aa2c868b79ba49f94b1e1?s=96&d=mm&r=g\",\"contentUrl\":\"https:\\\/\\\/secure.gravatar.com\\\/avatar\\\/aef86abf812645846e7e78f3258d7ea2d4e6e42d470aa2c868b79ba49f94b1e1?s=96&d=mm&r=g\",\"caption\":\"Enric Soriano Ort\u00edn\"},\"description\":\"Abogado colaborativo sist\u00e9mico, mediador y coach jur\u00eddico, con enfoque en el Derecho Sist\u00e9mico y la pr\u00e1ctica consciente de la abogac\u00eda. Consultor organizacional y terapeuta en constelaciones sist\u00e9micas y PNL, acompa\u00f1ando procesos de transformaci\u00f3n personal y profesional desde una mirada integral.\",\"sameAs\":[\"http:\\\/\\\/sorianoadvocats.com\",\"https:\\\/\\\/www.facebook.com\\\/sorianoadvocats\\\/\",\"https:\\\/\\\/www.instagram.com\\\/enric_soriano_i_ortin\\\/\",\"https:\\\/\\\/es.linkedin.com\\\/in\\\/enric-soriano-ort\u00edn-015a3147\"],\"url\":\"https:\\\/\\\/sorianoadvocats.com\\\/ca\\\/author\\\/wp_soriano\\\/\"}]}<\/script>\n<!-- \/ Yoast SEO plugin. -->","yoast_head_json":{"title":"Canvi de paradigma a la just\u00edcia: Una visi\u00f3 sist\u00e8mica - Soriano Advocats","description":"Explora el canvi de paradigma a la just\u00edcia i com una visi\u00f3 sist\u00e8mica pot revolucionar la resoluci\u00f3 de conflictes.","robots":{"index":"index","follow":"follow","max-snippet":"max-snippet:-1","max-image-preview":"max-image-preview:large","max-video-preview":"max-video-preview:-1"},"canonical":"https:\/\/sorianoadvocats.com\/el-imparable-cambio-de-paradigma-en-la-justicia-desde-una-vision-sistemica\/","og_locale":"en_US","og_type":"article","og_title":"Canvi de paradigma a la just\u00edcia: Una visi\u00f3 sist\u00e8mica - Soriano Advocats","og_description":"Explora el canvi de paradigma a la just\u00edcia i com una visi\u00f3 sist\u00e8mica pot revolucionar la resoluci\u00f3 de conflictes.","og_url":"https:\/\/sorianoadvocats.com\/el-imparable-cambio-de-paradigma-en-la-justicia-desde-una-vision-sistemica\/","og_site_name":"Soriano Advocats","article_publisher":"https:\/\/www.facebook.com\/sorianoadvocats\/","article_author":"https:\/\/www.facebook.com\/sorianoadvocats\/","article_published_time":"2024-03-15T10:51:01+00:00","article_modified_time":"2024-03-15T13:48:17+00:00","og_image":[{"width":1920,"height":1282,"url":"https:\/\/sorianoadvocats.com\/wp-content\/uploads\/abogado_sistemico.jpg","type":"image\/jpeg"}],"author":"Enric Soriano Ort\u00edn","twitter_card":"summary_large_image","twitter_misc":{"Written by":"Enric Soriano Ort\u00edn","Est. reading time":"5 minutes"},"schema":{"@context":"https:\/\/schema.org","@graph":[{"@type":"Article","@id":"https:\/\/sorianoadvocats.com\/el-imparable-cambio-de-paradigma-en-la-justicia-desde-una-vision-sistemica\/#article","isPartOf":{"@id":"https:\/\/sorianoadvocats.com\/el-imparable-cambio-de-paradigma-en-la-justicia-desde-una-vision-sistemica\/"},"author":{"name":"Enric Soriano Ort\u00edn","@id":"https:\/\/sorianoadvocats.com\/#\/schema\/person\/2dadefd44905451e646dd703d3df8b21"},"headline":"L&#8217;imparable canvi de paradigma a la just\u00edcia des d&#8217;una visi\u00f3 sist\u00e8mica","datePublished":"2024-03-15T10:51:01+00:00","dateModified":"2024-03-15T13:48:17+00:00","mainEntityOfPage":{"@id":"https:\/\/sorianoadvocats.com\/el-imparable-cambio-de-paradigma-en-la-justicia-desde-una-vision-sistemica\/"},"wordCount":1037,"image":{"@id":"https:\/\/sorianoadvocats.com\/el-imparable-cambio-de-paradigma-en-la-justicia-desde-una-vision-sistemica\/#primaryimage"},"thumbnailUrl":"https:\/\/sorianoadvocats.com\/wp-content\/uploads\/abogado_sistemico.jpg","keywords":["canvi paradigma","dret sist\u00e8mic"],"articleSection":["Dret Sist\u00e8mic"],"inLanguage":"ca-CA"},{"@type":"WebPage","@id":"https:\/\/sorianoadvocats.com\/el-imparable-cambio-de-paradigma-en-la-justicia-desde-una-vision-sistemica\/","url":"https:\/\/sorianoadvocats.com\/el-imparable-cambio-de-paradigma-en-la-justicia-desde-una-vision-sistemica\/","name":"Canvi de paradigma a la just\u00edcia: Una visi\u00f3 sist\u00e8mica - Soriano Advocats","isPartOf":{"@id":"https:\/\/sorianoadvocats.com\/#website"},"primaryImageOfPage":{"@id":"https:\/\/sorianoadvocats.com\/el-imparable-cambio-de-paradigma-en-la-justicia-desde-una-vision-sistemica\/#primaryimage"},"image":{"@id":"https:\/\/sorianoadvocats.com\/el-imparable-cambio-de-paradigma-en-la-justicia-desde-una-vision-sistemica\/#primaryimage"},"thumbnailUrl":"https:\/\/sorianoadvocats.com\/wp-content\/uploads\/abogado_sistemico.jpg","datePublished":"2024-03-15T10:51:01+00:00","dateModified":"2024-03-15T13:48:17+00:00","author":{"@id":"https:\/\/sorianoadvocats.com\/#\/schema\/person\/2dadefd44905451e646dd703d3df8b21"},"description":"Explora el canvi de paradigma a la just\u00edcia i com una visi\u00f3 sist\u00e8mica pot revolucionar la resoluci\u00f3 de conflictes.","breadcrumb":{"@id":"https:\/\/sorianoadvocats.com\/el-imparable-cambio-de-paradigma-en-la-justicia-desde-una-vision-sistemica\/#breadcrumb"},"inLanguage":"ca-CA","potentialAction":[{"@type":"ReadAction","target":["https:\/\/sorianoadvocats.com\/el-imparable-cambio-de-paradigma-en-la-justicia-desde-una-vision-sistemica\/"]}]},{"@type":"ImageObject","inLanguage":"ca-CA","@id":"https:\/\/sorianoadvocats.com\/el-imparable-cambio-de-paradigma-en-la-justicia-desde-una-vision-sistemica\/#primaryimage","url":"https:\/\/sorianoadvocats.com\/wp-content\/uploads\/abogado_sistemico.jpg","contentUrl":"https:\/\/sorianoadvocats.com\/wp-content\/uploads\/abogado_sistemico.jpg","width":1920,"height":1282,"caption":"Abogado sist\u00e9mico"},{"@type":"BreadcrumbList","@id":"https:\/\/sorianoadvocats.com\/el-imparable-cambio-de-paradigma-en-la-justicia-desde-una-vision-sistemica\/#breadcrumb","itemListElement":[{"@type":"ListItem","position":1,"name":"Portada","item":"https:\/\/sorianoadvocats.com\/ca\/"},{"@type":"ListItem","position":2,"name":"L&#8217;imparable canvi de paradigma a la just\u00edcia des d&#8217;una visi\u00f3 sist\u00e8mica"}]},{"@type":"WebSite","@id":"https:\/\/sorianoadvocats.com\/#website","url":"https:\/\/sorianoadvocats.com\/","name":"Soriano Advocats","description":"Otro sitio realizado con WordPress","potentialAction":[{"@type":"SearchAction","target":{"@type":"EntryPoint","urlTemplate":"https:\/\/sorianoadvocats.com\/?s={search_term_string}"},"query-input":{"@type":"PropertyValueSpecification","valueRequired":true,"valueName":"search_term_string"}}],"inLanguage":"ca-CA"},{"@type":"Person","@id":"https:\/\/sorianoadvocats.com\/#\/schema\/person\/2dadefd44905451e646dd703d3df8b21","name":"Enric Soriano Ort\u00edn","image":{"@type":"ImageObject","inLanguage":"ca-CA","@id":"https:\/\/secure.gravatar.com\/avatar\/aef86abf812645846e7e78f3258d7ea2d4e6e42d470aa2c868b79ba49f94b1e1?s=96&d=mm&r=g","url":"https:\/\/secure.gravatar.com\/avatar\/aef86abf812645846e7e78f3258d7ea2d4e6e42d470aa2c868b79ba49f94b1e1?s=96&d=mm&r=g","contentUrl":"https:\/\/secure.gravatar.com\/avatar\/aef86abf812645846e7e78f3258d7ea2d4e6e42d470aa2c868b79ba49f94b1e1?s=96&d=mm&r=g","caption":"Enric Soriano Ort\u00edn"},"description":"Abogado colaborativo sist\u00e9mico, mediador y coach jur\u00eddico, con enfoque en el Derecho Sist\u00e9mico y la pr\u00e1ctica consciente de la abogac\u00eda. Consultor organizacional y terapeuta en constelaciones sist\u00e9micas y PNL, acompa\u00f1ando procesos de transformaci\u00f3n personal y profesional desde una mirada integral.","sameAs":["http:\/\/sorianoadvocats.com","https:\/\/www.facebook.com\/sorianoadvocats\/","https:\/\/www.instagram.com\/enric_soriano_i_ortin\/","https:\/\/es.linkedin.com\/in\/enric-soriano-ort\u00edn-015a3147"],"url":"https:\/\/sorianoadvocats.com\/ca\/author\/wp_soriano\/"}]}},"_links":{"self":[{"href":"https:\/\/sorianoadvocats.com\/ca\/wp-json\/wp\/v2\/posts\/564","targetHints":{"allow":["GET"]}}],"collection":[{"href":"https:\/\/sorianoadvocats.com\/ca\/wp-json\/wp\/v2\/posts"}],"about":[{"href":"https:\/\/sorianoadvocats.com\/ca\/wp-json\/wp\/v2\/types\/post"}],"author":[{"embeddable":true,"href":"https:\/\/sorianoadvocats.com\/ca\/wp-json\/wp\/v2\/users\/1"}],"replies":[{"embeddable":true,"href":"https:\/\/sorianoadvocats.com\/ca\/wp-json\/wp\/v2\/comments?post=564"}],"version-history":[{"count":4,"href":"https:\/\/sorianoadvocats.com\/ca\/wp-json\/wp\/v2\/posts\/564\/revisions"}],"predecessor-version":[{"id":568,"href":"https:\/\/sorianoadvocats.com\/ca\/wp-json\/wp\/v2\/posts\/564\/revisions\/568"}],"wp:featuredmedia":[{"embeddable":true,"href":"https:\/\/sorianoadvocats.com\/ca\/wp-json\/wp\/v2\/media\/571"}],"wp:attachment":[{"href":"https:\/\/sorianoadvocats.com\/ca\/wp-json\/wp\/v2\/media?parent=564"}],"wp:term":[{"taxonomy":"category","embeddable":true,"href":"https:\/\/sorianoadvocats.com\/ca\/wp-json\/wp\/v2\/categories?post=564"},{"taxonomy":"post_tag","embeddable":true,"href":"https:\/\/sorianoadvocats.com\/ca\/wp-json\/wp\/v2\/tags?post=564"}],"curies":[{"name":"wp","href":"https:\/\/api.w.org\/{rel}","templated":true}]}}