{"id":525,"date":"2025-05-26T06:19:56","date_gmt":"2025-05-26T06:19:56","guid":{"rendered":"https:\/\/sorianoadvocats.com\/sense-categoritzar\/que-es-el-dret-sistemic\/"},"modified":"2024-03-15T13:01:27","modified_gmt":"2024-03-15T13:01:27","slug":"que-es-el-dret-sistemic","status":"publish","type":"post","link":"https:\/\/sorianoadvocats.com\/ca\/que-es-el-dret-sistemic\/","title":{"rendered":"Qu\u00e8 \u00e9s el Dret Sist\u00e8mic?"},"content":{"rendered":"\n<p>El Dret Sist\u00e8mic no \u00e9s una branca o especialitat del Dret. El terme va ser creat i acunyat pel jutge brasiler <strong>Sami Storch,<\/strong> pioner en l&#8217;aplicaci\u00f3 de la fenomenologia sist\u00e8mica de les constel\u00b7lacions familiars a l&#8217;\u00e0mbit jur\u00eddic.<\/p>\n\n<p><\/p>\n\n<div id=\"ez-toc-container\" class=\"ez-toc-v2_0_82_2 counter-hierarchy ez-toc-counter ez-toc-grey ez-toc-container-direction\">\n<div class=\"ez-toc-title-container\">\n<p class=\"ez-toc-title\" style=\"cursor:inherit\">\u00cdndice de contenidos<\/p>\n<span class=\"ez-toc-title-toggle\"><a href=\"#\" class=\"ez-toc-pull-right ez-toc-btn ez-toc-btn-xs ez-toc-btn-default ez-toc-toggle\" aria-label=\"Toggle Table of Content\"><span class=\"ez-toc-js-icon-con\"><span class=\"\"><span class=\"eztoc-hide\" style=\"display:none;\">Toggle<\/span><span class=\"ez-toc-icon-toggle-span\"><svg style=\"fill: #999;color:#999\" xmlns=\"http:\/\/www.w3.org\/2000\/svg\" class=\"list-377408\" width=\"20px\" height=\"20px\" viewBox=\"0 0 24 24\" fill=\"none\"><path d=\"M6 6H4v2h2V6zm14 0H8v2h12V6zM4 11h2v2H4v-2zm16 0H8v2h12v-2zM4 16h2v2H4v-2zm16 0H8v2h12v-2z\" fill=\"currentColor\"><\/path><\/svg><svg style=\"fill: #999;color:#999\" class=\"arrow-unsorted-368013\" xmlns=\"http:\/\/www.w3.org\/2000\/svg\" width=\"10px\" height=\"10px\" viewBox=\"0 0 24 24\" version=\"1.2\" baseProfile=\"tiny\"><path d=\"M18.2 9.3l-6.2-6.3-6.2 6.3c-.2.2-.3.4-.3.7s.1.5.3.7c.2.2.4.3.7.3h11c.3 0 .5-.1.7-.3.2-.2.3-.5.3-.7s-.1-.5-.3-.7zM5.8 14.7l6.2 6.3 6.2-6.3c.2-.2.3-.5.3-.7s-.1-.5-.3-.7c-.2-.2-.4-.3-.7-.3h-11c-.3 0-.5.1-.7.3-.2.2-.3.5-.3.7s.1.5.3.7z\"\/><\/svg><\/span><\/span><\/span><\/a><\/span><\/div>\n<nav><ul class='ez-toc-list ez-toc-list-level-1 ' ><li class='ez-toc-page-1 ez-toc-heading-level-2'><a class=\"ez-toc-link ez-toc-heading-1\" href=\"https:\/\/sorianoadvocats.com\/ca\/que-es-el-dret-sistemic\/#Enfoc_i_Gestio_del_Conflicte\" >Enfoc i Gesti\u00f3 del Conflicte<\/a><\/li><li class='ez-toc-page-1 ez-toc-heading-level-2'><a class=\"ez-toc-link ez-toc-heading-2\" href=\"https:\/\/sorianoadvocats.com\/ca\/que-es-el-dret-sistemic\/#Principis_i_Eines_del_Dret_Sistemic\" >Principis i Eines del Dret Sist\u00e8mic<\/a><\/li><li class='ez-toc-page-1 ez-toc-heading-level-2'><a class=\"ez-toc-link ez-toc-heading-3\" href=\"https:\/\/sorianoadvocats.com\/ca\/que-es-el-dret-sistemic\/#Implicacions_i_Resolucio_de_Conflictes\" >Implicacions i Resoluci\u00f3 de Conflictes<\/a><\/li><\/ul><\/nav><\/div>\n<h2 class=\"wp-block-heading\"><span class=\"ez-toc-section\" id=\"Enfoc_i_Gestio_del_Conflicte\"><\/span><strong>Enfoc i Gesti\u00f3 del Conflicte<\/strong><span class=\"ez-toc-section-end\"><\/span><\/h2>\n\n<p>El Dret Sist\u00e8mic \u00e9s la <strong>gesti\u00f3 del conflicte jur\u00eddic des d&#8217;un enfoc sist\u00e8mic<\/strong>, \u00e9s a dir, mitjan\u00e7ant la identificaci\u00f3, abordatge i tractament de les causes que subjauen en el mateix. El conflicte \u00e9s el s\u00edmptoma d&#8217;alguna cosa m\u00e9s profunda integrada en el sistema de relacions personals i socials de les parts afectades.as.<\/p>\n\n<p>Partint de la base que <strong>tot conflicte legal \u00e9s un conflicte emocional<\/strong>, o que t\u00e9 el seu origen en ell, a trav\u00e9s del Dret Sist\u00e8mic es desentranyen les seves arrels i les din\u00e0miques ocultes inconscients dels implicats, per tractar-lo des d&#8217;una altra mirada m\u00e9s conscient, la qual permet que flueixin les diverses possibles solucions per a la seva resoluci\u00f3 d&#8217;una manera pac\u00edfica, constructiva i efica\u00e7.<\/p>\n\n<p><\/p>\n\n<h2 class=\"wp-block-heading\"><span class=\"ez-toc-section\" id=\"Principis_i_Eines_del_Dret_Sistemic\"><\/span><strong>Principis i Eines del Dret Sist\u00e8mic<\/strong><span class=\"ez-toc-section-end\"><\/span><\/h2>\n\n<p>En Dret Sist\u00e8mic, la gesti\u00f3 del conflicte jur\u00eddic es duu a terme des d&#8217;una perspectiva m\u00e9s \u00e0mplia, des de l&#8217;an\u00e0lisi dels <strong>ordres o principis b\u00e0sics de la vida<\/strong> que regeixen els sistemes de relacions humanes al llarg del temps.. Aquesta an\u00e0lisi es duu a terme mitjan\u00e7ant eines sist\u00e8miques, especialment a trav\u00e9s del m\u00e8tode de les constel\u00b7lacions familiars i sist\u00e8miques creat pel fil\u00f2sof i terapeuta alemany <strong>Bert Hellinger.<\/strong><\/p>\n\n<p>Aquests principis s\u00f3n els denominats <strong>Ordres de l&#8217;Amor<\/strong>: pertinen\u00e7a, jerarquia i equilibri entre el donar i el rebre. Molt resumidament, el significat d&#8217;aquests ordres \u00e9s el seg\u00fcent:<\/p>\n\n<ul class=\"wp-block-list\">\n<li><strong>Pertinen\u00e7a (o vincle):<\/strong> tots els membres d&#8217;un sistema tenen dret a pert\u00e0nyer i ser part del mateix, tant els que estan com els que se n&#8217;han anat. Si se&#8217;ls exclou o no se&#8217;ls reconeix, es causa un desequilibri en el sistema que alg\u00fa veur\u00e0 m\u00e9s endavant en la necessitat de representar-lo o amb la seva pr\u00f2pia vida.<\/li>\n\n\n\n<li><strong>Ordre:<\/strong> qui va arribar primer t\u00e9 prioritat sobre els que van arribar despr\u00e9s. Aquells que estan o han estat abans en un sistema han de ser vistos i reconeguts pels membres posteriors. Si aquests intenten ocupar el lloc d&#8217;un membre que va arribar abans o aquest no \u00e9s capa\u00e7 de mantenir el seu lloc de prioritat, es causa un desequilibri.<\/li>\n\n\n\n<li><strong>Equilibri entre el donar i rebre:<\/strong> ha d&#8217;existir sempre un equilibri o compensaci\u00f3 entre el donar i prendre, encara que aix\u00f2 nom\u00e9s pot donar-se en les relacions entre iguals, ja que els majors i els que van arribar abans donen, mentre que els petits i els que van arribar despr\u00e9s prenen. Ens deixem cuidar pels que ens van rebre i cuidem i atenem als nous del sistema.<\/li>\n<\/ul>\n\n<p><\/p>\n\n<h2 class=\"wp-block-heading\"><span class=\"ez-toc-section\" id=\"Implicacions_i_Resolucio_de_Conflictes\"><\/span><strong>Implicacions i Resoluci\u00f3 de Conflictes<\/strong><span class=\"ez-toc-section-end\"><\/span><\/h2>\n\n<p>Aix\u00ed doncs, un conflicte implica que existeix un desequilibri en qualsevol d&#8217;aquests tres ordres o en m\u00e9s d&#8217;un i, en conseq\u00fc\u00e8ncia, es trenca l&#8217;ordre del sistema. No tenir en compte aquesta circumst\u00e0ncia pot dificultar en gran mesura la seva resoluci\u00f3.<\/p>\n\n<p>Aplicant les eines sist\u00e8miques al conflicte, s&#8217;identifica i s&#8217;averigua quina circumst\u00e0ncia existeix en el nucli del sistema relacional de les parts implicades (familiar, laboral, empresarial o social) que genera aquest conflicte i, en definitiva, dificulta que la vida flueixi en harmonia. Des d&#8217;aqu\u00ed es realitza un treball de reparaci\u00f3 del desordre que permetr\u00e0 gestionar l&#8217;assumpte des d&#8217;una altra perspectiva, orientada a la r<strong>econciliaci\u00f3 i a la soluci\u00f3 pac\u00edfica i consensuada<\/strong> del fet que confronta a les parts implicades.<\/p>\n","protected":false},"excerpt":{"rendered":"<p>El Dret Sist\u00e8mic no \u00e9s una branca o especialitat del Dret. El terme va ser creat i acunyat pel jutge brasiler Sami Storch, pioner en l&#8217;aplicaci\u00f3 de la fenomenologia sist\u00e8mica de les constel\u00b7lacions familiars a l&#8217;\u00e0mbit jur\u00eddic. Enfoc i Gesti\u00f3 del Conflicte El Dret Sist\u00e8mic \u00e9s la gesti\u00f3 del conflicte jur\u00eddic des d&#8217;un enfoc sist\u00e8mic, [&hellip;]<\/p>\n","protected":false},"author":1,"featured_media":523,"comment_status":"closed","ping_status":"closed","sticky":false,"template":"","format":"standard","meta":{"_et_pb_use_builder":"off","_et_pb_old_content":"","_et_gb_content_width":"","footnotes":""},"categories":[23],"tags":[24],"class_list":["post-525","post","type-post","status-publish","format-standard","has-post-thumbnail","hentry","category-dret-sistemic","tag-dret-sistemic"],"yoast_head":"<!-- This site is optimized with the Yoast SEO plugin v27.4 - https:\/\/yoast.com\/product\/yoast-seo-wordpress\/ -->\n<title>Qu\u00e8 \u00e9s el Dret Sist\u00e8mic? - Soriano Advocats<\/title>\n<meta name=\"description\" content=\"Explora el dret sist\u00e8mic, un enfocament innovador per resoldre conflictes legals i emocionals, basat en les constel\u00b7lacions familiars.\" \/>\n<meta name=\"robots\" content=\"index, follow, max-snippet:-1, max-image-preview:large, max-video-preview:-1\" \/>\n<link rel=\"canonical\" href=\"https:\/\/sorianoadvocats.com\/ca\/que-es-el-dret-sistemic\/\" \/>\n<meta property=\"og:locale\" content=\"en_US\" \/>\n<meta property=\"og:type\" content=\"article\" \/>\n<meta property=\"og:title\" content=\"Qu\u00e8 \u00e9s el Dret Sist\u00e8mic? - Soriano Advocats\" \/>\n<meta property=\"og:description\" content=\"Explora el dret sist\u00e8mic, un enfocament innovador per resoldre conflictes legals i emocionals, basat en les constel\u00b7lacions familiars.\" \/>\n<meta property=\"og:url\" content=\"https:\/\/sorianoadvocats.com\/ca\/que-es-el-dret-sistemic\/\" \/>\n<meta property=\"og:site_name\" content=\"Soriano Advocats\" \/>\n<meta property=\"article:publisher\" content=\"https:\/\/www.facebook.com\/sorianoadvocats\/\" \/>\n<meta property=\"article:author\" content=\"https:\/\/www.facebook.com\/sorianoadvocats\/\" \/>\n<meta property=\"article:published_time\" content=\"2025-05-26T06:19:56+00:00\" \/>\n<meta property=\"og:image\" content=\"https:\/\/sorianoadvocats.com\/wp-content\/uploads\/derecho-sistemico-2.jpg\" \/>\n\t<meta property=\"og:image:width\" content=\"1080\" \/>\n\t<meta property=\"og:image:height\" content=\"1080\" \/>\n\t<meta property=\"og:image:type\" content=\"image\/jpeg\" \/>\n<meta name=\"author\" content=\"Enric Soriano Ort\u00edn\" \/>\n<meta name=\"twitter:card\" content=\"summary_large_image\" \/>\n<meta name=\"twitter:label1\" content=\"Written by\" \/>\n\t<meta name=\"twitter:data1\" content=\"Enric Soriano Ort\u00edn\" \/>\n\t<meta name=\"twitter:label2\" content=\"Est. reading time\" \/>\n\t<meta name=\"twitter:data2\" content=\"3 minutes\" \/>\n<script type=\"application\/ld+json\" class=\"yoast-schema-graph\">{\"@context\":\"https:\\\/\\\/schema.org\",\"@graph\":[{\"@type\":\"Article\",\"@id\":\"https:\\\/\\\/sorianoadvocats.com\\\/ca\\\/que-es-el-dret-sistemic\\\/#article\",\"isPartOf\":{\"@id\":\"https:\\\/\\\/sorianoadvocats.com\\\/ca\\\/que-es-el-dret-sistemic\\\/\"},\"author\":{\"name\":\"Enric Soriano Ort\u00edn\",\"@id\":\"https:\\\/\\\/sorianoadvocats.com\\\/#\\\/schema\\\/person\\\/2dadefd44905451e646dd703d3df8b21\"},\"headline\":\"Qu\u00e8 \u00e9s el Dret Sist\u00e8mic?\",\"datePublished\":\"2025-05-26T06:19:56+00:00\",\"mainEntityOfPage\":{\"@id\":\"https:\\\/\\\/sorianoadvocats.com\\\/ca\\\/que-es-el-dret-sistemic\\\/\"},\"wordCount\":642,\"image\":{\"@id\":\"https:\\\/\\\/sorianoadvocats.com\\\/ca\\\/que-es-el-dret-sistemic\\\/#primaryimage\"},\"thumbnailUrl\":\"https:\\\/\\\/sorianoadvocats.com\\\/wp-content\\\/uploads\\\/derecho-sistemico-2.jpg\",\"keywords\":[\"dret sist\u00e8mic\"],\"articleSection\":[\"Dret Sist\u00e8mic\"],\"inLanguage\":\"ca-CA\"},{\"@type\":\"WebPage\",\"@id\":\"https:\\\/\\\/sorianoadvocats.com\\\/ca\\\/que-es-el-dret-sistemic\\\/\",\"url\":\"https:\\\/\\\/sorianoadvocats.com\\\/ca\\\/que-es-el-dret-sistemic\\\/\",\"name\":\"Qu\u00e8 \u00e9s el Dret Sist\u00e8mic? - Soriano Advocats\",\"isPartOf\":{\"@id\":\"https:\\\/\\\/sorianoadvocats.com\\\/#website\"},\"primaryImageOfPage\":{\"@id\":\"https:\\\/\\\/sorianoadvocats.com\\\/ca\\\/que-es-el-dret-sistemic\\\/#primaryimage\"},\"image\":{\"@id\":\"https:\\\/\\\/sorianoadvocats.com\\\/ca\\\/que-es-el-dret-sistemic\\\/#primaryimage\"},\"thumbnailUrl\":\"https:\\\/\\\/sorianoadvocats.com\\\/wp-content\\\/uploads\\\/derecho-sistemico-2.jpg\",\"datePublished\":\"2025-05-26T06:19:56+00:00\",\"author\":{\"@id\":\"https:\\\/\\\/sorianoadvocats.com\\\/#\\\/schema\\\/person\\\/2dadefd44905451e646dd703d3df8b21\"},\"description\":\"Explora el dret sist\u00e8mic, un enfocament innovador per resoldre conflictes legals i emocionals, basat en les constel\u00b7lacions familiars.\",\"breadcrumb\":{\"@id\":\"https:\\\/\\\/sorianoadvocats.com\\\/ca\\\/que-es-el-dret-sistemic\\\/#breadcrumb\"},\"inLanguage\":\"ca-CA\",\"potentialAction\":[{\"@type\":\"ReadAction\",\"target\":[\"https:\\\/\\\/sorianoadvocats.com\\\/ca\\\/que-es-el-dret-sistemic\\\/\"]}]},{\"@type\":\"ImageObject\",\"inLanguage\":\"ca-CA\",\"@id\":\"https:\\\/\\\/sorianoadvocats.com\\\/ca\\\/que-es-el-dret-sistemic\\\/#primaryimage\",\"url\":\"https:\\\/\\\/sorianoadvocats.com\\\/wp-content\\\/uploads\\\/derecho-sistemico-2.jpg\",\"contentUrl\":\"https:\\\/\\\/sorianoadvocats.com\\\/wp-content\\\/uploads\\\/derecho-sistemico-2.jpg\",\"width\":1080,\"height\":1080,\"caption\":\"\u00bfQu\u00e9 es el derecho sist\u00e9mico? | SORIANO ADVCATS\"},{\"@type\":\"BreadcrumbList\",\"@id\":\"https:\\\/\\\/sorianoadvocats.com\\\/ca\\\/que-es-el-dret-sistemic\\\/#breadcrumb\",\"itemListElement\":[{\"@type\":\"ListItem\",\"position\":1,\"name\":\"Portada\",\"item\":\"https:\\\/\\\/sorianoadvocats.com\\\/ca\\\/\"},{\"@type\":\"ListItem\",\"position\":2,\"name\":\"Qu\u00e8 \u00e9s el Dret Sist\u00e8mic?\"}]},{\"@type\":\"WebSite\",\"@id\":\"https:\\\/\\\/sorianoadvocats.com\\\/#website\",\"url\":\"https:\\\/\\\/sorianoadvocats.com\\\/\",\"name\":\"Soriano Advocats\",\"description\":\"Otro sitio realizado con WordPress\",\"potentialAction\":[{\"@type\":\"SearchAction\",\"target\":{\"@type\":\"EntryPoint\",\"urlTemplate\":\"https:\\\/\\\/sorianoadvocats.com\\\/?s={search_term_string}\"},\"query-input\":{\"@type\":\"PropertyValueSpecification\",\"valueRequired\":true,\"valueName\":\"search_term_string\"}}],\"inLanguage\":\"ca-CA\"},{\"@type\":\"Person\",\"@id\":\"https:\\\/\\\/sorianoadvocats.com\\\/#\\\/schema\\\/person\\\/2dadefd44905451e646dd703d3df8b21\",\"name\":\"Enric Soriano Ort\u00edn\",\"image\":{\"@type\":\"ImageObject\",\"inLanguage\":\"ca-CA\",\"@id\":\"https:\\\/\\\/secure.gravatar.com\\\/avatar\\\/aef86abf812645846e7e78f3258d7ea2d4e6e42d470aa2c868b79ba49f94b1e1?s=96&d=mm&r=g\",\"url\":\"https:\\\/\\\/secure.gravatar.com\\\/avatar\\\/aef86abf812645846e7e78f3258d7ea2d4e6e42d470aa2c868b79ba49f94b1e1?s=96&d=mm&r=g\",\"contentUrl\":\"https:\\\/\\\/secure.gravatar.com\\\/avatar\\\/aef86abf812645846e7e78f3258d7ea2d4e6e42d470aa2c868b79ba49f94b1e1?s=96&d=mm&r=g\",\"caption\":\"Enric Soriano Ort\u00edn\"},\"description\":\"Abogado colaborativo sist\u00e9mico, mediador y coach jur\u00eddico, con enfoque en el Derecho Sist\u00e9mico y la pr\u00e1ctica consciente de la abogac\u00eda. Consultor organizacional y terapeuta en constelaciones sist\u00e9micas y PNL, acompa\u00f1ando procesos de transformaci\u00f3n personal y profesional desde una mirada integral.\",\"sameAs\":[\"http:\\\/\\\/sorianoadvocats.com\",\"https:\\\/\\\/www.facebook.com\\\/sorianoadvocats\\\/\",\"https:\\\/\\\/www.instagram.com\\\/enric_soriano_i_ortin\\\/\",\"https:\\\/\\\/es.linkedin.com\\\/in\\\/enric-soriano-ort\u00edn-015a3147\"],\"url\":\"https:\\\/\\\/sorianoadvocats.com\\\/ca\\\/author\\\/wp_soriano\\\/\"}]}<\/script>\n<!-- \/ Yoast SEO plugin. -->","yoast_head_json":{"title":"Qu\u00e8 \u00e9s el Dret Sist\u00e8mic? - Soriano Advocats","description":"Explora el dret sist\u00e8mic, un enfocament innovador per resoldre conflictes legals i emocionals, basat en les constel\u00b7lacions familiars.","robots":{"index":"index","follow":"follow","max-snippet":"max-snippet:-1","max-image-preview":"max-image-preview:large","max-video-preview":"max-video-preview:-1"},"canonical":"https:\/\/sorianoadvocats.com\/ca\/que-es-el-dret-sistemic\/","og_locale":"en_US","og_type":"article","og_title":"Qu\u00e8 \u00e9s el Dret Sist\u00e8mic? - Soriano Advocats","og_description":"Explora el dret sist\u00e8mic, un enfocament innovador per resoldre conflictes legals i emocionals, basat en les constel\u00b7lacions familiars.","og_url":"https:\/\/sorianoadvocats.com\/ca\/que-es-el-dret-sistemic\/","og_site_name":"Soriano Advocats","article_publisher":"https:\/\/www.facebook.com\/sorianoadvocats\/","article_author":"https:\/\/www.facebook.com\/sorianoadvocats\/","article_published_time":"2025-05-26T06:19:56+00:00","og_image":[{"width":1080,"height":1080,"url":"https:\/\/sorianoadvocats.com\/wp-content\/uploads\/derecho-sistemico-2.jpg","type":"image\/jpeg"}],"author":"Enric Soriano Ort\u00edn","twitter_card":"summary_large_image","twitter_misc":{"Written by":"Enric Soriano Ort\u00edn","Est. reading time":"3 minutes"},"schema":{"@context":"https:\/\/schema.org","@graph":[{"@type":"Article","@id":"https:\/\/sorianoadvocats.com\/ca\/que-es-el-dret-sistemic\/#article","isPartOf":{"@id":"https:\/\/sorianoadvocats.com\/ca\/que-es-el-dret-sistemic\/"},"author":{"name":"Enric Soriano Ort\u00edn","@id":"https:\/\/sorianoadvocats.com\/#\/schema\/person\/2dadefd44905451e646dd703d3df8b21"},"headline":"Qu\u00e8 \u00e9s el Dret Sist\u00e8mic?","datePublished":"2025-05-26T06:19:56+00:00","mainEntityOfPage":{"@id":"https:\/\/sorianoadvocats.com\/ca\/que-es-el-dret-sistemic\/"},"wordCount":642,"image":{"@id":"https:\/\/sorianoadvocats.com\/ca\/que-es-el-dret-sistemic\/#primaryimage"},"thumbnailUrl":"https:\/\/sorianoadvocats.com\/wp-content\/uploads\/derecho-sistemico-2.jpg","keywords":["dret sist\u00e8mic"],"articleSection":["Dret Sist\u00e8mic"],"inLanguage":"ca-CA"},{"@type":"WebPage","@id":"https:\/\/sorianoadvocats.com\/ca\/que-es-el-dret-sistemic\/","url":"https:\/\/sorianoadvocats.com\/ca\/que-es-el-dret-sistemic\/","name":"Qu\u00e8 \u00e9s el Dret Sist\u00e8mic? - Soriano Advocats","isPartOf":{"@id":"https:\/\/sorianoadvocats.com\/#website"},"primaryImageOfPage":{"@id":"https:\/\/sorianoadvocats.com\/ca\/que-es-el-dret-sistemic\/#primaryimage"},"image":{"@id":"https:\/\/sorianoadvocats.com\/ca\/que-es-el-dret-sistemic\/#primaryimage"},"thumbnailUrl":"https:\/\/sorianoadvocats.com\/wp-content\/uploads\/derecho-sistemico-2.jpg","datePublished":"2025-05-26T06:19:56+00:00","author":{"@id":"https:\/\/sorianoadvocats.com\/#\/schema\/person\/2dadefd44905451e646dd703d3df8b21"},"description":"Explora el dret sist\u00e8mic, un enfocament innovador per resoldre conflictes legals i emocionals, basat en les constel\u00b7lacions familiars.","breadcrumb":{"@id":"https:\/\/sorianoadvocats.com\/ca\/que-es-el-dret-sistemic\/#breadcrumb"},"inLanguage":"ca-CA","potentialAction":[{"@type":"ReadAction","target":["https:\/\/sorianoadvocats.com\/ca\/que-es-el-dret-sistemic\/"]}]},{"@type":"ImageObject","inLanguage":"ca-CA","@id":"https:\/\/sorianoadvocats.com\/ca\/que-es-el-dret-sistemic\/#primaryimage","url":"https:\/\/sorianoadvocats.com\/wp-content\/uploads\/derecho-sistemico-2.jpg","contentUrl":"https:\/\/sorianoadvocats.com\/wp-content\/uploads\/derecho-sistemico-2.jpg","width":1080,"height":1080,"caption":"\u00bfQu\u00e9 es el derecho sist\u00e9mico? | SORIANO ADVCATS"},{"@type":"BreadcrumbList","@id":"https:\/\/sorianoadvocats.com\/ca\/que-es-el-dret-sistemic\/#breadcrumb","itemListElement":[{"@type":"ListItem","position":1,"name":"Portada","item":"https:\/\/sorianoadvocats.com\/ca\/"},{"@type":"ListItem","position":2,"name":"Qu\u00e8 \u00e9s el Dret Sist\u00e8mic?"}]},{"@type":"WebSite","@id":"https:\/\/sorianoadvocats.com\/#website","url":"https:\/\/sorianoadvocats.com\/","name":"Soriano Advocats","description":"Otro sitio realizado con WordPress","potentialAction":[{"@type":"SearchAction","target":{"@type":"EntryPoint","urlTemplate":"https:\/\/sorianoadvocats.com\/?s={search_term_string}"},"query-input":{"@type":"PropertyValueSpecification","valueRequired":true,"valueName":"search_term_string"}}],"inLanguage":"ca-CA"},{"@type":"Person","@id":"https:\/\/sorianoadvocats.com\/#\/schema\/person\/2dadefd44905451e646dd703d3df8b21","name":"Enric Soriano Ort\u00edn","image":{"@type":"ImageObject","inLanguage":"ca-CA","@id":"https:\/\/secure.gravatar.com\/avatar\/aef86abf812645846e7e78f3258d7ea2d4e6e42d470aa2c868b79ba49f94b1e1?s=96&d=mm&r=g","url":"https:\/\/secure.gravatar.com\/avatar\/aef86abf812645846e7e78f3258d7ea2d4e6e42d470aa2c868b79ba49f94b1e1?s=96&d=mm&r=g","contentUrl":"https:\/\/secure.gravatar.com\/avatar\/aef86abf812645846e7e78f3258d7ea2d4e6e42d470aa2c868b79ba49f94b1e1?s=96&d=mm&r=g","caption":"Enric Soriano Ort\u00edn"},"description":"Abogado colaborativo sist\u00e9mico, mediador y coach jur\u00eddico, con enfoque en el Derecho Sist\u00e9mico y la pr\u00e1ctica consciente de la abogac\u00eda. Consultor organizacional y terapeuta en constelaciones sist\u00e9micas y PNL, acompa\u00f1ando procesos de transformaci\u00f3n personal y profesional desde una mirada integral.","sameAs":["http:\/\/sorianoadvocats.com","https:\/\/www.facebook.com\/sorianoadvocats\/","https:\/\/www.instagram.com\/enric_soriano_i_ortin\/","https:\/\/es.linkedin.com\/in\/enric-soriano-ort\u00edn-015a3147"],"url":"https:\/\/sorianoadvocats.com\/ca\/author\/wp_soriano\/"}]}},"_links":{"self":[{"href":"https:\/\/sorianoadvocats.com\/ca\/wp-json\/wp\/v2\/posts\/525","targetHints":{"allow":["GET"]}}],"collection":[{"href":"https:\/\/sorianoadvocats.com\/ca\/wp-json\/wp\/v2\/posts"}],"about":[{"href":"https:\/\/sorianoadvocats.com\/ca\/wp-json\/wp\/v2\/types\/post"}],"author":[{"embeddable":true,"href":"https:\/\/sorianoadvocats.com\/ca\/wp-json\/wp\/v2\/users\/1"}],"replies":[{"embeddable":true,"href":"https:\/\/sorianoadvocats.com\/ca\/wp-json\/wp\/v2\/comments?post=525"}],"version-history":[{"count":2,"href":"https:\/\/sorianoadvocats.com\/ca\/wp-json\/wp\/v2\/posts\/525\/revisions"}],"predecessor-version":[{"id":527,"href":"https:\/\/sorianoadvocats.com\/ca\/wp-json\/wp\/v2\/posts\/525\/revisions\/527"}],"wp:featuredmedia":[{"embeddable":true,"href":"https:\/\/sorianoadvocats.com\/ca\/wp-json\/wp\/v2\/media\/523"}],"wp:attachment":[{"href":"https:\/\/sorianoadvocats.com\/ca\/wp-json\/wp\/v2\/media?parent=525"}],"wp:term":[{"taxonomy":"category","embeddable":true,"href":"https:\/\/sorianoadvocats.com\/ca\/wp-json\/wp\/v2\/categories?post=525"},{"taxonomy":"post_tag","embeddable":true,"href":"https:\/\/sorianoadvocats.com\/ca\/wp-json\/wp\/v2\/tags?post=525"}],"curies":[{"name":"wp","href":"https:\/\/api.w.org\/{rel}","templated":true}]}}